{"id":172274,"date":"2026-01-18T09:04:10","date_gmt":"2026-01-18T07:04:10","guid":{"rendered":"https:\/\/pointer-news.com\/?p=172274"},"modified":"2026-01-18T09:04:19","modified_gmt":"2026-01-18T07:04:19","slug":"les-dirigeants-europeens-denoncent-la-menace-de-tarifs-de-trump-sur-lacquisition-du-groenland","status":"publish","type":"post","link":"https:\/\/pointer-news.com\/fr\/les-dirigeants-europeens-denoncent-la-menace-de-tarifs-de-trump-sur-lacquisition-du-groenland\/","title":{"rendered":"Les dirigeants europ\u00e9ens d\u00e9noncent la menace de tarifs de Trump sur l&rsquo;acquisition du Groenland"},"content":{"rendered":"<p><body><\/p>\n<div class=\"article-content\">\n<p>Une r\u00e9cente mise en garde du pr\u00e9sident am\u00e9ricain Donald Trump, mena\u00e7ant d&rsquo;imposer de nouveaux tarifs sur huit pays s&rsquo;opposant \u00e0 son projet d&rsquo;acquisition du Groenland, a provoqu\u00e9 l&rsquo;indignation des dirigeants europ\u00e9ens.<\/p>\n<p>Le Premier ministre britannique Keir Starmer a qualifi\u00e9 cette action d&rsquo;<strong style=\"margin-left: 0.3em; margin-right: 0.3em;\">\u00ab scandaleuse \u00bb<\/strong>, tandis que le pr\u00e9sident fran\u00e7ais Emmanuel Macron l&rsquo;a jug\u00e9e<strong style=\"margin-left: 0.3em; margin-right: 0.3em;\">\u00ab intol\u00e9rable \u00bb<\/strong>. Ces d\u00e9clarations ont suivi l&rsquo;annonce par Trump d&rsquo;un tarif de<strong style=\"margin-left: 0.3em; margin-right: 0.3em;\">10 %<\/strong>sur les marchandises import\u00e9es du Danemark, de la Norv\u00e8ge, de la Su\u00e8de, de la France, de l&rsquo;Allemagne, du Royaume-Uni, des Pays-Bas et de la Finlande, qui entrera en vigueur le<time>01:00 UTC<\/time>f\u00e9vrier. Il a indiqu\u00e9 que ces tarifs pourraient grimper \u00e0<strong style=\"margin-left: 0.3em; margin-right: 0.3em;\">25 %<\/strong>et rester en place jusqu&rsquo;\u00e0 ce qu&rsquo;une r\u00e9solution soit atteinte.<\/p>\n<p>Trump soutient que la r\u00e9gion autonome du Groenland est cruciale pour la s\u00e9curit\u00e9 nationale des \u00c9tats-Unis, insinuant qu&rsquo;il pourrait envisager une action militaire pour s\u00e9curiser cette acquisition.<\/p>\n<p>En r\u00e9action aux menaces de Trump, l&rsquo;Union europ\u00e9enne a convoqu\u00e9 une r\u00e9union urgente \u00e0<time>17:00 UTC<\/time>\u00e0 Bruxelles dimanche, rassemblant des ambassadeurs des<strong style=\"margin-left: 0.3em; margin-right: 0.3em;\">27 pays membres<\/strong>du bloc.<\/p>\n<p>De plus, des milliers de personnes ont manifest\u00e9 \u00e0 la fois au Groenland et au Danemark samedi, exprimant leur opposition \u00e0 une \u00e9ventuelle prise de contr\u00f4le am\u00e9ricaine.<\/p>\n<p>Malgr\u00e9 sa population clairsem\u00e9e, le Groenland regorge de ressources et est strat\u00e9giquement situ\u00e9 entre l&rsquo;Am\u00e9rique du Nord et l&rsquo;Arctique, ce qui le rend pr\u00e9cieux pour les syst\u00e8mes de d\u00e9fense antimissile et la surveillance maritime.<\/p>\n<p>Trump a pr\u00e9c\u00e9demment sugg\u00e9r\u00e9 que les \u00c9tats-Unis pourraient acqu\u00e9rir le territoire<strong style=\"margin-left: 0.3em; margin-right: 0.3em;\">\u00ab de mani\u00e8re facile \u00bb<\/strong>ou<strong style=\"margin-left: 0.3em; margin-right: 0.3em;\">\u00ab difficile \u00bb<\/strong>. Les nations europ\u00e9ennes se sont unies pour soutenir le Danemark, affirmant que la s\u00e9curit\u00e9 arctique est une responsabilit\u00e9 collective de l&rsquo;OTAN.<\/p>\n<p>Des pays tels que la France, l&rsquo;Allemagne, la Su\u00e8de, la Norv\u00e8ge, la Finlande, les Pays-Bas et le Royaume-Uni ont envoy\u00e9 un nombre limit\u00e9 de troupes au Groenland dans le cadre d&rsquo;une mission de reconnaissance.<\/p>\n<p>Trump a annonc\u00e9 les projets de tarifs via sa plateforme Truth Social, accusant les nations de jouer \u00e0<strong style=\"margin-left: 0.3em; margin-right: 0.3em;\">\u00ab un jeu tr\u00e8s risqu\u00e9 \u00bb<\/strong>. Il a soulign\u00e9 que ces tarifs concernent la<strong style=\"margin-left: 0.3em; margin-right: 0.3em;\">\u00ab s\u00e9curit\u00e9, la s\u00fbret\u00e9 et la survie de notre plan\u00e8te \u00bb<\/strong>. Le tarif propos\u00e9 de<strong style=\"margin-left: 0.3em; margin-right: 0.3em;\">10 %<\/strong>sur les exportations vers les \u00c9tats-Unis augmenterait \u00e0<strong style=\"margin-left: 0.3em; margin-right: 0.3em;\">25 %<\/strong>en juin et resterait en vigueur jusqu&rsquo;\u00e0 ce qu&rsquo;un accord pour l&rsquo;<strong style=\"margin-left: 0.3em; margin-right: 0.3em;\">\u00ab achat complet et total du Groenland \u00bb<\/strong>soit finalis\u00e9.<\/p>\n<p>Starmer a r\u00e9agi, affirmant :<strong style=\"margin-left: 0.3em; margin-right: 0.3em;\">\u00ab Imposer des tarifs \u00e0 des alli\u00e9s qui renforcent la s\u00e9curit\u00e9 collective de l&rsquo;OTAN est totalement inappropri\u00e9. Nous allons certainement aborder cela directement avec l&rsquo;administration am\u00e9ricaine. \u00bb<\/strong><\/p>\n<p>Les dirigeants de l&rsquo;opposition au Royaume-Uni ont \u00e9galement critiqu\u00e9 l&rsquo;annonce des tarifs par Trump. La leader conservatrice Kemi Badenoch a qualifi\u00e9 cela de<strong style=\"margin-left: 0.3em; margin-right: 0.3em;\">\u00ab mauvaise d\u00e9cision \u00bb<\/strong>, tandis que Nigel Farage, leader de Reform UK et partisan de Trump, a d\u00e9clar\u00e9 que les tarifs seraient pr\u00e9judiciables au Royaume-Uni.<\/p>\n<p>Le leader des D\u00e9mocrates lib\u00e9raux, Ed Davey, a d\u00e9crit les actions de Trump comme<strong style=\"margin-left: 0.3em; margin-right: 0.3em;\">\u00ab irrationnelles \u00bb<\/strong>, tout en soulignant l&rsquo;importance de la r\u00e9ponse du Royaume-Uni. La membre du Parti vert, Ellie Chowns, a accus\u00e9 le pr\u00e9sident am\u00e9ricain de traiter les relations internationales comme une cour d&rsquo;\u00e9cole, tentant d&rsquo;intimider d&rsquo;autres nations pour les contraindre \u00e0 se conformer \u00e0 ses objectifs imp\u00e9rialistes.<\/p>\n<p>Macron a insist\u00e9 :<strong style=\"margin-left: 0.3em; margin-right: 0.3em;\">\u00ab Les menaces tarifaires sont inacceptables&#8230; Nous ne c\u00e9derons pas \u00e0 l&rsquo;intimidation. \u00bb<\/strong>Le Premier ministre su\u00e9dois Ulf Kristersson a ajout\u00e9 :<strong style=\"margin-left: 0.3em; margin-right: 0.3em;\">\u00ab Nous refusons d&rsquo;\u00eatre contraints. \u00bb<\/strong><\/p>\n<p>\u00ab La Su\u00e8de est actuellement engag\u00e9e dans de vastes discussions avec d&rsquo;autres pays de l&rsquo;UE, la Norv\u00e8ge et le Royaume-Uni pour formuler une r\u00e9ponse unifi\u00e9e, \u00bb a-t-il poursuivi.<\/p>\n<p>La pr\u00e9sidente de la Commission europ\u00e9enne, Ursula von der Leyen, a comment\u00e9 sur X, d\u00e9clarant que<strong style=\"margin-left: 0.3em; margin-right: 0.3em;\">\u00ab l&rsquo;int\u00e9grit\u00e9 territoriale et la souverainet\u00e9 sont des pierres angulaires du droit international. \u00bb<\/strong>Elle a mis en garde que les tarifs mettraient en p\u00e9ril les relations transatlantiques et pourraient conduire \u00e0 une spirale descendante p\u00e9rilleuse.<\/p>\n<p>Trump devrait rencontrer von der Leyen et d&rsquo;autres dirigeants europ\u00e9ens, y compris Macron, lors du prochain Forum \u00e9conomique mondial \u00e0 Davos, en Suisse.<\/p>\n<p>Kaja Kallas, la responsable de la politique \u00e9trang\u00e8re de l&rsquo;UE, a not\u00e9 que<strong style=\"margin-left: 0.3em; margin-right: 0.3em;\">\u00ab la Chine et la Russie doivent se r\u00e9jouir de cette situation, \u00bb<\/strong>sugg\u00e9rant qu&rsquo;elles tirent profit de la discorde entre alli\u00e9s. Elle a exprim\u00e9 ses sentiments sur X.<\/p>\n<p>Antonio Costa, pr\u00e9sident du Conseil europ\u00e9en, a affirm\u00e9 que l&rsquo;UE d\u00e9fendra fermement le droit international, qui commence par l&rsquo;int\u00e9grit\u00e9 territoriale de ses \u00c9tats membres.<\/p>\n<p>Le ministre danois des Affaires \u00e9trang\u00e8res, Lars Lokke Rasmussen, a d\u00e9clar\u00e9 que les menaces \u00e9taient inattendues.<\/p>\n<p>L&rsquo;eurod\u00e9put\u00e9 allemand Manfred Weber, leader du groupe conservateur PPE au Parlement europ\u00e9en, a d\u00e9clar\u00e9 que les actions de Trump avaient suscit\u00e9 des doutes sur l&rsquo;accord commercial UE-\u00c9tats-Unis en cours \u00e9tabli l&rsquo;ann\u00e9e derni\u00e8re.<\/p>\n<p>Ce dernier comprenait un tarif am\u00e9ricain de<strong style=\"margin-left: 0.3em; margin-right: 0.3em;\">15 %<\/strong>sur tous les biens de l&rsquo;UE et un engagement de l&rsquo;UE \u00e0 ouvrir les march\u00e9s aux produits am\u00e9ricains avec des tarifs \u00e0<strong style=\"margin-left: 0.3em; margin-right: 0.3em;\">0 %<\/strong>sur certains articles.<\/p>\n<p>Weber a exprim\u00e9 :<strong style=\"margin-left: 0.3em; margin-right: 0.3em;\">\u00ab Le PPE soutient l&rsquo;accord commercial UE-\u00c9tats-Unis, mais en raison des menaces de Trump concernant le Groenland, nous ne pouvons pas l&rsquo;approuver pour le moment. Les tarifs \u00e0<strong style=\"margin-left: 0.3em; margin-right: 0.3em;\">0 %<\/strong>sur les biens am\u00e9ricains devraient \u00eatre suspendus. \u00bb<\/strong><\/p>\n<p>L&rsquo;ambassadeur am\u00e9ricain aupr\u00e8s de l&rsquo;ONU, Mike Waltz, a r\u00e9torqu\u00e9 en d\u00e9clarant que le Danemark<strong style=\"margin-left: 0.3em; margin-right: 0.3em;\">\u00ab manque des ressources ou de la capacit\u00e9 pour g\u00e9rer efficacement la r\u00e9gion nord. \u00bb<\/strong>Il a affirm\u00e9 sur Fox News que la vie pour les Groenlandais serait<strong style=\"margin-left: 0.3em; margin-right: 0.3em;\">\u00ab plus s\u00fbre, plus forte et plus prosp\u00e8re sous la supervision am\u00e9ricaine. \u00bb<\/strong><\/p>\n<p>Trump a souvent exprim\u00e9 une pr\u00e9f\u00e9rence pour le terme<strong style=\"margin-left: 0.3em; margin-right: 0.3em;\">\u00ab tarif, \u00bb<\/strong>le consid\u00e9rant comme un outil brutal pour persuader ou contraindre les pays \u00e0 s&rsquo;aligner sur les int\u00e9r\u00eats am\u00e9ricains.<\/p>\n<p>Cette derni\u00e8re annonce repr\u00e9sente une escalade notable dans les efforts renouvel\u00e9s de Trump pour acqu\u00e9rir le Groenland, malgr\u00e9 une opposition g\u00e9n\u00e9ralis\u00e9e.<\/p>\n<p>Les raisons derri\u00e8re la d\u00e9claration tarifaire restent floues, ayant \u00e9t\u00e9 sugg\u00e9r\u00e9es par Trump lors d&rsquo;une conf\u00e9rence de presse \u00e0 la Maison Blanche vendredi.<\/p>\n<p>Bien que Trump ait pr\u00e9c\u00e9demment mentionn\u00e9 diverses options, y compris une intervention militaire possible, cette annonce a suivi un r\u00e9cent accord entre les responsables am\u00e9ricains et danois pour \u00e9tablir un groupe de travail de haut niveau charg\u00e9 de discuter de l&rsquo;avenir de l&rsquo;\u00eele.<\/p>\n<p>Ce d\u00e9veloppement diplomatique avait \u00e9t\u00e9 per\u00e7u par beaucoup comme le meilleur sc\u00e9nario pour le Danemark et ses alli\u00e9s europ\u00e9ens, reportant probablement toute escalade suppl\u00e9mentaire de l&rsquo;administration am\u00e9ricaine.<\/p>\n<p>En revanche, les nouveaux tarifs impos\u00e9s ont intensifi\u00e9 l&rsquo;urgence de la question et tendu les relations avec des alli\u00e9s cl\u00e9s de l&rsquo;OTAN et des partenaires commerciaux.<\/p>\n<p>Gregory Meeks, le principal d\u00e9mocrate au sein du Comit\u00e9 des affaires \u00e9trang\u00e8res de la Chambre des repr\u00e9sentants des \u00c9tats-Unis, a d\u00e9clar\u00e9 qu&rsquo;il pr\u00e9voyait de pr\u00e9senter une r\u00e9solution visant \u00e0 mettre imm\u00e9diatement fin \u00e0 ces<strong style=\"margin-left: 0.3em; margin-right: 0.3em;\">\u00ab tarifs ill\u00e9gaux et scandaleux. \u00bb<\/strong><\/p>\n<p>Il a remarqu\u00e9 :<strong style=\"margin-left: 0.3em; margin-right: 0.3em;\">\u00ab Trump cr\u00e9e une crise \u00e9trang\u00e8re et sape notre alliance la plus proche, tout en ignorant les v\u00e9ritables probl\u00e8mes qui pr\u00e9occupent le public am\u00e9ricain, tels que l&rsquo;accessibilit\u00e9. \u00bb<\/strong><\/p>\n<p>Des sondages indiquent que<strong style=\"margin-left: 0.3em; margin-right: 0.3em;\">85 %<\/strong>des Groenlandais s&rsquo;opposent \u00e0 l&rsquo;annexion du territoire par les \u00c9tats-Unis.<\/p>\n<p>Des manifestations contre les intentions de prise de contr\u00f4le de Trump ont eu lieu dans des centres urbains danois ainsi qu&rsquo;\u00e0 Nuuk, la capitale du Groenland, avant l&rsquo;annonce des tarifs.<\/p>\n<p>\u00c0 Copenhague, les manifestants ont brandi des pancartes d\u00e9clarant :<strong style=\"margin-left: 0.3em; margin-right: 0.3em;\">\u00ab Pas de mains sur le Groenland \u00bb<\/strong>et<strong style=\"margin-left: 0.3em; margin-right: 0.3em;\">\u00ab Le Groenland pour les Groenlandais. \u00bb<\/strong><\/p>\n<p>Camilla Siezing, leader des Inuits, une coalition d&rsquo;organisations groenlandaises, a d\u00e9clar\u00e9 :<strong style=\"margin-left: 0.3em; margin-right: 0.3em;\">\u00ab Nous exigeons le respect du Royaume danois et du droit \u00e0 l&rsquo;autod\u00e9termination du Groenland. \u00bb<\/strong><\/p>\n<p>\u00c0 Nuuk, le Premier ministre du Groenland, Jens-Frederik Nielsen, a particip\u00e9 aux manifestations aux c\u00f4t\u00e9s de manifestants brandissant des pancartes indiquant<strong style=\"margin-left: 0.3em; margin-right: 0.3em;\">\u00ab Le Groenland n&rsquo;est pas \u00e0 vendre \u00bb<\/strong>et<strong style=\"margin-left: 0.3em; margin-right: 0.3em;\">\u00ab Nous fa\u00e7onnons notre avenir, \u00bb<\/strong>alors qu&rsquo;ils marchaient vers le consulat am\u00e9ricain.<\/p>\n<p>Les manifestations ont co\u00efncid\u00e9 avec une visite \u00e0 Copenhague d&rsquo;une d\u00e9l\u00e9gation parlementaire am\u00e9ricaine, dont le leader, le s\u00e9nateur d\u00e9mocrate Chris Coons, a qualifi\u00e9 le discours de Trump de<strong style=\"margin-left: 0.3em; margin-right: 0.3em;\">\u00ab contre-productif. \u00bb<\/strong><\/p>\n<\/div>\n<p><\/body><\/p>\n","protected":false},"excerpt":{"rendered":"<p>Une r\u00e9cente mise en garde du pr\u00e9sident am\u00e9ricain Donald Trump, mena\u00e7ant d&rsquo;imposer de nouveaux tarifs sur huit pays s&rsquo;opposant \u00e0 son projet d&rsquo;acquisition du Groenland, a provoqu\u00e9 l&rsquo;indignation des dirigeants europ\u00e9ens. Le Premier ministre britannique Keir Starmer a qualifi\u00e9 cette action d&rsquo;\u00ab scandaleuse \u00bb, tandis que le pr\u00e9sident fran\u00e7ais Emmanuel Macron l&rsquo;a jug\u00e9e\u00ab intol\u00e9rable \u00bb. [&hellip;]<\/p>\n","protected":false},"author":23,"featured_media":172272,"comment_status":"open","ping_status":"open","sticky":false,"template":"","format":"standard","meta":{"_acf_changed":false,"inline_featured_image":false,"footnotes":""},"categories":[451],"tags":[],"class_list":["post-172274","post","type-post","status-publish","format-standard","has-post-thumbnail","hentry","category-world-news"],"acf":[],"_links":{"self":[{"href":"https:\/\/pointer-news.com\/fr\/wp-json\/wp\/v2\/posts\/172274","targetHints":{"allow":["GET"]}}],"collection":[{"href":"https:\/\/pointer-news.com\/fr\/wp-json\/wp\/v2\/posts"}],"about":[{"href":"https:\/\/pointer-news.com\/fr\/wp-json\/wp\/v2\/types\/post"}],"author":[{"embeddable":true,"href":"https:\/\/pointer-news.com\/fr\/wp-json\/wp\/v2\/users\/23"}],"replies":[{"embeddable":true,"href":"https:\/\/pointer-news.com\/fr\/wp-json\/wp\/v2\/comments?post=172274"}],"version-history":[{"count":1,"href":"https:\/\/pointer-news.com\/fr\/wp-json\/wp\/v2\/posts\/172274\/revisions"}],"predecessor-version":[{"id":172278,"href":"https:\/\/pointer-news.com\/fr\/wp-json\/wp\/v2\/posts\/172274\/revisions\/172278"}],"wp:featuredmedia":[{"embeddable":true,"href":"https:\/\/pointer-news.com\/fr\/wp-json\/wp\/v2\/media\/172272"}],"wp:attachment":[{"href":"https:\/\/pointer-news.com\/fr\/wp-json\/wp\/v2\/media?parent=172274"}],"wp:term":[{"taxonomy":"category","embeddable":true,"href":"https:\/\/pointer-news.com\/fr\/wp-json\/wp\/v2\/categories?post=172274"},{"taxonomy":"post_tag","embeddable":true,"href":"https:\/\/pointer-news.com\/fr\/wp-json\/wp\/v2\/tags?post=172274"}],"curies":[{"name":"wp","href":"https:\/\/api.w.org\/{rel}","templated":true}]}}