{"id":172341,"date":"2026-01-19T18:02:54","date_gmt":"2026-01-19T16:02:54","guid":{"rendered":"https:\/\/pointer-news.com\/?p=172341"},"modified":"2026-01-19T18:03:01","modified_gmt":"2026-01-19T16:03:01","slug":"le-premier-ministre-declare-la-guerre-commerciale-defavorable-face-aux-menaces-de-taxes-dimportation","status":"publish","type":"post","link":"https:\/\/pointer-news.com\/fr\/le-premier-ministre-declare-la-guerre-commerciale-defavorable-face-aux-menaces-de-taxes-dimportation\/","title":{"rendered":"Le Premier ministre d\u00e9clare la guerre commerciale d\u00e9favorable face aux menaces de taxes d&rsquo;importation de Trump"},"content":{"rendered":"<p><body><\/p>\n<div class=\"article-content\">\n<p>Le Premier ministre Sir Keir Starmer a affirm\u00e9 qu&rsquo;une guerre commerciale ne sert \u00ab l&rsquo;int\u00e9r\u00eat de personne \u00bb apr\u00e8s l&rsquo;annonce de Donald Trump concernant une potentielle taxe de<strong style=\"margin-left: 0.3em; margin-right: 0.3em;\">10%<\/strong>sur les importations en provenance du Royaume-Uni et d&rsquo;autres nations qui s&rsquo;opposent \u00e0 ses ambitions pour le Groenland.<\/p>\n<p>Lors d&rsquo;un discours prononc\u00e9 \u00e0 Downing Street, Sir Keir a soulign\u00e9 que la meilleure approche consiste en une \u00ab discussion calme \u00bb, en pr\u00e9cisant que l&rsquo;imposition de droits de douane contre des alli\u00e9s n&rsquo;est pas un moyen efficace de r\u00e9soudre les diff\u00e9rends.<\/p>\n<p>Il a r\u00e9affirm\u00e9 que le sort du Groenland devrait finalement \u00eatre d\u00e9termin\u00e9 par son peuple et les citoyens du Danemark.<\/p>\n<p>Tout en maintenant que les principes ne peuvent \u00eatre n\u00e9glig\u00e9s, il s&rsquo;est engag\u00e9 \u00e0 adopter une position \u00ab pragmatique \u00bb, mettant en avant les liens \u00e9conomiques et militaires cruciaux entre le Royaume-Uni et les \u00c9tats-Unis.<\/p>\n<p>Sir Keir a exprim\u00e9 des doutes quant aux v\u00e9ritables intentions de Trump concernant un engagement militaire au Groenland.<\/p>\n<p>Pour tenter d&rsquo;apaiser les tensions croissantes, le Premier ministre a reconnu la gravit\u00e9 de la situation, appelant \u00e0 une r\u00e9ponse unifi\u00e9e de la nation.<\/p>\n<p>Il a salu\u00e9 le soutien qu&rsquo;il a re\u00e7u de la part de la leader conservatrice Kemi Badenoch concernant la question du Groenland.<\/p>\n<p>Sir Keir a not\u00e9 que les menaces de Trump avaient \u00e9t\u00e9 \u00ab mal accueillies \u00bb au Royaume-Uni, mettant en garde contre toute action qui pourrait \u00eatre per\u00e7ue comme \u00ab performative \u00bb ou \u00ab th\u00e9\u00e2trale \u00bb.<\/p>\n<p>Il a d\u00e9clar\u00e9 : \u00ab De telles actions peuvent satisfaire les politiciens, mais elles ne soutiennent en rien les travailleurs dont les emplois et la s\u00e9curit\u00e9 d\u00e9pendent des relations internationales que nous cultivons. \u00bb<\/p>\n<p>En d\u00e9fendant sa strat\u00e9gie de maintenir un rapport \u00e9troit avec Trump, le Premier ministre a soulign\u00e9 que cette approche avait abouti \u00e0 des investissements de \u00ab centaines de milliards de livres \u00bb au Royaume-Uni.<\/p>\n<p>Interrog\u00e9 sur la possibilit\u00e9 de droits de douane de r\u00e9torsion, il a r\u00e9pondu : \u00ab Nous n&rsquo;en sommes pas encore l\u00e0 ; ma priorit\u00e9 est d&rsquo;\u00e9viter d&rsquo;y parvenir. \u00bb<\/p>\n<p>Les dirigeants europ\u00e9ens devraient aborder la situation du Groenland avec Trump lors de sa prochaine visite \u00e0 Davos pour le Forum \u00e9conomique mondial.<\/p>\n<p>Le pr\u00e9sident fran\u00e7ais Emmanuel Macron a indiqu\u00e9 qu&rsquo;il pourrait plaider en faveur de contre-tarifs, sugg\u00e9rant que l&rsquo;UE devrait utiliser son \u00ab bazooka commercial \u00bb, tandis que la Premi\u00e8re ministre italienne Georgia Meloni a exprim\u00e9 des pr\u00e9occupations quant aux cons\u00e9quences d&rsquo;une guerre commerciale.<\/p>\n<p>Bien que le Premier ministre n&rsquo;ait pas pr\u00e9vu d&rsquo;assister au sommet pour le moment, il a laiss\u00e9 la porte ouverte \u00e0 une participation au fil de la semaine.<\/p>\n<p>Au cours du week-end, un petit contingent de forces militaires fran\u00e7aises est arriv\u00e9 au Groenland pour ce qui a \u00e9t\u00e9 qualifi\u00e9 de mission de reconnaissance, comprenant \u00e9galement des troupes d&rsquo;Allemagne, de Su\u00e8de, de Norv\u00e8ge, de Finlande, des Pays-Bas et du Royaume-Uni.<\/p>\n<p>Concernant la question de savoir si Trump a mal interpr\u00e9t\u00e9 ce d\u00e9ploiement comme une action provocatrice contre les \u00c9tats-Unis, Sir Keir a d\u00e9clar\u00e9 : \u00ab C&rsquo;est l&rsquo;un des sujets que j&rsquo;ai abord\u00e9s avec le pr\u00e9sident Trump hier. Ces forces \u00e9taient clairement pr\u00e9sentes pour \u00e9valuer et faire face aux risques pos\u00e9s par la Russie \u2013 j&rsquo;esp\u00e8re qu&rsquo;il y a clart\u00e9 \u00e0 ce sujet. \u00bb<\/p>\n<p>Il a soulign\u00e9 la n\u00e9cessit\u00e9 pour l&rsquo;Europe de renforcer ses propres capacit\u00e9s de d\u00e9fense et de s\u00e9curit\u00e9.<\/p>\n<p>Trump a partiellement justifi\u00e9 son int\u00e9r\u00eat pour le Groenland en affirmant que le Danemark n&rsquo;a pas r\u00e9ussi \u00e0 prot\u00e9ger ad\u00e9quatement le territoire contre les menaces russes.<\/p>\n<p>Strat\u00e9giquement situ\u00e9 entre l&rsquo;Am\u00e9rique du Nord et l&rsquo;Arctique, le Groenland est un site avantageux pour des syst\u00e8mes de missiles d&rsquo;alerte pr\u00e9coce et pour surveiller les activit\u00e9s maritimes r\u00e9gionales.<\/p>\n<p>De plus, il repr\u00e9sente un r\u00e9servoir potentiel de min\u00e9raux rares, de p\u00e9trole et de gaz, qui pourraient devenir de plus en plus accessibles \u00e0 mesure que le changement climatique entra\u00eene la fonte de la calotte glaciaire de l&rsquo;\u00eele.<\/p>\n<p>Trump a affirm\u00e9 qu&rsquo;un \u00ab achat complet et total \u00bb du Groenland est crucial pour la s\u00e9curit\u00e9 des \u00c9tats-Unis et du monde entier.<\/p>\n<p>Il a averti : \u00ab Si nous ne prenons pas le Groenland, la Russie ou la Chine le saisiront. \u00bb<\/p>\n<p>Samedi, il a annonc\u00e9 son intention d&rsquo;imposer un tarif de<strong style=\"margin-left: 0.3em; margin-right: 0.3em;\">10%<\/strong>sur les marchandises export\u00e9es vers les \u00c9tats-Unis en provenance du Royaume-Uni, du Danemark, de la Norv\u00e8ge, de la Su\u00e8de, de la France, de l&rsquo;Allemagne, des Pays-Bas et de la Finlande, \u00e0 compter du<time>01:00 UTC<\/time>, avec une augmentation \u00e0<strong style=\"margin-left: 0.3em; margin-right: 0.3em;\">25%<\/strong>le<time>01:00 UTC<\/time>juin.<\/p>\n<p>Si Trump concr\u00e9tise ces menaces tarifaires, cela pourrait avoir des effets n\u00e9fastes sur l&rsquo;\u00e9conomie britannique, en particulier compte tenu du fait que les \u00c9tats-Unis sont son plus grand client \u00e9tranger par entreprises individuelles.<\/p>\n<p>Les \u00e9conomistes pr\u00e9voient que ces nouveaux tarifs pourraient r\u00e9duire le PIB du Royaume-Uni de<strong style=\"margin-left: 0.3em; margin-right: 0.3em;\">0,5%<\/strong>.<\/p>\n<p>La menace imminente d&rsquo;une intensification des tensions a impact\u00e9 les march\u00e9s boursiers europ\u00e9ens lundi matin, affectant particuli\u00e8rement les secteurs de l&rsquo;automobile et des biens de luxe.<\/p>\n<p>Au cours du week-end, Badenoch a exprim\u00e9 son alignement avec le Premier ministre concernant la souverainet\u00e9 du Groenland, qualifiant les menaces tarifaires de \u00ab terrible id\u00e9e \u00bb.<\/p>\n<p>Le ministre principal de l&rsquo;\u00c9cosse, John Swinney, a \u00e9galement d\u00e9nonc\u00e9 les tarifs propos\u00e9s, affirmant qu&rsquo;ils ne devraient pas \u00eatre utilis\u00e9s comme outils de n\u00e9gociation \u00e0 la place d&rsquo;un dialogue constructif entre partenaires.<\/p>\n<p>Dans une apparition sur BBC Breakfast, le leader des Lib\u00e9raux-d\u00e9mocrates, Sir Ed Davey, qui a constamment critiqu\u00e9 l&rsquo;engagement du Premier ministre avec Trump, a exhort\u00e9 le gouvernement \u00e0 adopter une position plus ferme, d\u00e9clarant : \u00ab Si vous faites cela, il a un historique de r\u00e9tractation. Malheureusement, jusqu&rsquo;\u00e0 pr\u00e9sent, notre gouvernement a acquiesc\u00e9. \u00bb<\/p>\n<p>Le leader de Reform UK, Nigel Farage, a comment\u00e9 : \u00ab Ce n&rsquo;est pas comme cela que l&rsquo;on traite ses alli\u00e9s les plus proches \u00bb, ajoutant qu&rsquo;il a l&rsquo;intention d&rsquo;exprimer ses points de vue aux membres de l&rsquo;\u00e9quipe de Trump lors de son prochain voyage \u00e0 Davos.<\/p>\n<p>Il a soulign\u00e9 que le Brexit a donn\u00e9 au Royaume-Uni la libert\u00e9 de n\u00e9gocier directement avec les \u00c9tats-Unis.<\/p>\n<p>L&rsquo;ancien ambassadeur britannique aux \u00c9tats-Unis, Lord Mandelson, a d\u00e9clar\u00e9 sur BBC Radio 5 Live que Trump \u00ab s&rsquo;attend \u00e0 une communication directe \u00bb, ajoutant : \u00ab Il ne sera pas surpris si les gens r\u00e9pondent directement, mais avec respect, plut\u00f4t que par m\u00e9gaphones ou en criant de loin. \u00bb<\/p>\n<p>\u00ab Ce n&rsquo;est pas le style de Sir Keir, et il a raison de l&rsquo;\u00e9viter. Je pense que d&rsquo;autres dirigeants europ\u00e9ens pourraient b\u00e9n\u00e9ficier de l&rsquo;approche de notre Premier ministre. \u00bb<\/p>\n<\/div>\n<p><\/body><\/p>\n","protected":false},"excerpt":{"rendered":"<p>Le Premier ministre Sir Keir Starmer a affirm\u00e9 qu&rsquo;une guerre commerciale ne sert \u00ab l&rsquo;int\u00e9r\u00eat de personne \u00bb apr\u00e8s l&rsquo;annonce de Donald Trump concernant une potentielle taxe de10%sur les importations en provenance du Royaume-Uni et d&rsquo;autres nations qui s&rsquo;opposent \u00e0 ses ambitions pour le Groenland. Lors d&rsquo;un discours prononc\u00e9 \u00e0 Downing Street, Sir Keir a [&hellip;]<\/p>\n","protected":false},"author":23,"featured_media":172339,"comment_status":"open","ping_status":"open","sticky":false,"template":"","format":"standard","meta":{"_acf_changed":false,"inline_featured_image":false,"footnotes":""},"categories":[474],"tags":[],"class_list":["post-172341","post","type-post","status-publish","format-standard","has-post-thumbnail","hentry","category-politics-laws"],"acf":[],"_links":{"self":[{"href":"https:\/\/pointer-news.com\/fr\/wp-json\/wp\/v2\/posts\/172341","targetHints":{"allow":["GET"]}}],"collection":[{"href":"https:\/\/pointer-news.com\/fr\/wp-json\/wp\/v2\/posts"}],"about":[{"href":"https:\/\/pointer-news.com\/fr\/wp-json\/wp\/v2\/types\/post"}],"author":[{"embeddable":true,"href":"https:\/\/pointer-news.com\/fr\/wp-json\/wp\/v2\/users\/23"}],"replies":[{"embeddable":true,"href":"https:\/\/pointer-news.com\/fr\/wp-json\/wp\/v2\/comments?post=172341"}],"version-history":[{"count":1,"href":"https:\/\/pointer-news.com\/fr\/wp-json\/wp\/v2\/posts\/172341\/revisions"}],"predecessor-version":[{"id":172345,"href":"https:\/\/pointer-news.com\/fr\/wp-json\/wp\/v2\/posts\/172341\/revisions\/172345"}],"wp:featuredmedia":[{"embeddable":true,"href":"https:\/\/pointer-news.com\/fr\/wp-json\/wp\/v2\/media\/172339"}],"wp:attachment":[{"href":"https:\/\/pointer-news.com\/fr\/wp-json\/wp\/v2\/media?parent=172341"}],"wp:term":[{"taxonomy":"category","embeddable":true,"href":"https:\/\/pointer-news.com\/fr\/wp-json\/wp\/v2\/categories?post=172341"},{"taxonomy":"post_tag","embeddable":true,"href":"https:\/\/pointer-news.com\/fr\/wp-json\/wp\/v2\/tags?post=172341"}],"curies":[{"name":"wp","href":"https:\/\/api.w.org\/{rel}","templated":true}]}}