{"id":172381,"date":"2026-01-20T09:02:29","date_gmt":"2026-01-20T07:02:29","guid":{"rendered":"https:\/\/pointer-news.com\/?p=172381"},"modified":"2026-01-20T09:02:39","modified_gmt":"2026-01-20T07:02:39","slug":"trump-declare-quil-appliquera-pleinement-la-menace-de-droits-de-douane-sur-le-groenland-alors-que-lu","status":"publish","type":"post","link":"https:\/\/pointer-news.com\/fr\/trump-declare-quil-appliquera-pleinement-la-menace-de-droits-de-douane-sur-le-groenland-alors-que-lu\/","title":{"rendered":"Trump d\u00e9clare qu&rsquo;il appliquera pleinement la menace de droits de douane sur le Groenland alors que l&rsquo;UE reste ferme"},"content":{"rendered":"<p><body><\/p>\n<div class=\"article-content\">\n<p>Donald Trump a affirm\u00e9 sa d\u00e9termination \u00e0 mettre en \u0153uvre sa menace de droits de douane contre les nations europ\u00e9ennes qui s&rsquo;opposent \u00e0 sa demande de contr\u00f4le sur le Groenland. Le pr\u00e9sident am\u00e9ricain soutient qu&rsquo;il agira avec une certitude absolue dans cette d\u00e9marche.<\/p>\n<p>Les pays europ\u00e9ens se sont unis pour d\u00e9fendre l&rsquo;autonomie du Groenland, le ministre danois des Affaires \u00e9trang\u00e8res soulignant que le leader am\u00e9ricain ne peut pas simplement intimider pour prendre possession de ce territoire semi-autonome.<\/p>\n<p>La secr\u00e9taire d&rsquo;\u00c9tat britannique, Yvette Cooper, a r\u00e9it\u00e9r\u00e9 que les d\u00e9cisions concernant l&rsquo;avenir du Groenland devraient appartenir uniquement au peuple groenlandais et au gouvernement danois.<\/p>\n<p>Lors d&rsquo;une d\u00e9claration lundi, Trump n&rsquo;a pas \u00e9cart\u00e9 la possibilit\u00e9 d&rsquo;utiliser la force et a r\u00e9it\u00e9r\u00e9 son intention d&rsquo;imposer des droits de douane sur les importations en provenance du Royaume-Uni et de sept autres alli\u00e9s de l&rsquo;OTAN. Il a indiqu\u00e9 que ces droits de douane entreraient en vigueur \u00e0 partir du<time>01:00 UTC<\/time>, avec une augmentation pr\u00e9vue le<time>01:00 UTC<\/time>.<\/p>\n<p>Dans un post sur Truth Social mardi matin, Trump a mentionn\u00e9 une conversation productive avec le secr\u00e9taire g\u00e9n\u00e9ral de l&rsquo;OTAN, Mark Rutte, et a annonc\u00e9 une r\u00e9union \u00e0 venir impliquant diverses parties en Suisse.<\/p>\n<p>Il a d\u00e9clar\u00e9 : \u00ab Le Groenland est crucial pour la s\u00e9curit\u00e9 nationale et mondiale. Il n&rsquo;y a pas de retour possible sur cette position &#8211; tout le monde en convient ! \u00bb Trump pr\u00e9voit d&rsquo;appliquer un droit de douane de<strong style=\"margin-left: 0.3em; margin-right: 0.3em;\">10%<\/strong>sur tous les biens exp\u00e9di\u00e9s du Royaume-Uni vers les \u00c9tats-Unis, qui passera \u00e0<strong style=\"margin-left: 0.3em; margin-right: 0.3em;\">25%<\/strong>jusqu&rsquo;\u00e0 ce qu&rsquo;un accord soit trouv\u00e9 pour que les \u00c9tats-Unis acqui\u00e8rent le Groenland du Danemark.<\/p>\n<p>Cette strat\u00e9gie tarifaire s&rsquo;\u00e9tendra \u00e9galement au Danemark, \u00e0 la Norv\u00e8ge, \u00e0 la Su\u00e8de, \u00e0 la France, \u00e0 l&rsquo;Allemagne, aux Pays-Bas et \u00e0 la Finlande &#8211; tous membres de l&rsquo;OTAN, cr\u00e9\u00e9e en<time>1949<\/time>. Lorsque l&rsquo;on a interrog\u00e9 Trump sur son engagement concernant ces menaces tarifaires, il a assur\u00e9 \u00e0 NBC News : \u00ab Je le ferai, \u00e0<strong style=\"margin-left: 0.3em; margin-right: 0.3em;\">100%<\/strong>. \u00bb Cependant, il s&rsquo;est abstenu de commenter l&rsquo;\u00e9ventuel recours \u00e0 la force militaire.<\/p>\n<p>Trump a exprim\u00e9 que l&rsquo;Europe devrait se concentrer sur le conflit actuel avec la Russie et l&rsquo;Ukraine, sugg\u00e9rant que la situation l\u00e0-bas m\u00e9rite plus d&rsquo;attention que le Groenland.<\/p>\n<p>Le Danemark a averti que toute action militaire am\u00e9ricaine au Groenland pourrait compromettre l&rsquo;existence de l&rsquo;OTAN. R\u00e9cemment, le Groenland a re\u00e7u le soutien de divers membres europ\u00e9ens de l&rsquo;OTAN, certains d&rsquo;entre eux ayant d\u00e9ploy\u00e9 des troupes dans la r\u00e9gion en un geste symbolique.<\/p>\n<p>Suite \u00e0 ce d\u00e9ploiement, Trump a annonc\u00e9 son intention d&rsquo;appliquer des droits de douane sur les huit alli\u00e9s de l&rsquo;OTAN impliqu\u00e9s. Le ministre danois des Affaires \u00e9trang\u00e8res, Lars L\u00f8kke Rasmussen, a d\u00e9clar\u00e9 que l&rsquo;Europe doit faire comprendre au pr\u00e9sident Trump que de telles menaces tarifaires sont contre-productives.<\/p>\n<p>Il a soulign\u00e9 : \u00ab Nous avons des limites qui ne peuvent pas \u00eatre franchies. Vous ne pouvez pas contraindre \u00e0 poss\u00e9der le Groenland. Je ne cherche pas \u00e0 faire escalader cette affaire davantage. \u00bb<\/p>\n<p>Le chancelier allemand, Friedrich Merz, a not\u00e9 que ces droits de douane ne servent aucun but b\u00e9n\u00e9fique et a exprim\u00e9 son espoir de rencontrer Trump lors de sa participation au Forum \u00e9conomique mondial \u00e0 Davos.<\/p>\n<p>Merz a ajout\u00e9 : \u00ab Nous ne souhaitons pas cette escalade. Nous voulons \u00e9viter un conflit commercial avec les \u00c9tats-Unis. \u00bb Il a mentionn\u00e9 que l&rsquo;administration Trump aurait d\u00fb \u00eatre consciente de la mission de reconnaissance de l&rsquo;OTAN durant le week-end, car cela avait \u00e9t\u00e9 convenu au pr\u00e9alable.<\/p>\n<p>Il a pr\u00e9cis\u00e9 : \u00ab Ce n&rsquo;\u00e9tait jamais destin\u00e9 \u00e0 \u00eatre une op\u00e9ration militaire, \u00bb soulignant la nature coop\u00e9rative de la mission.<\/p>\n<p>L&rsquo;Union europ\u00e9enne se pr\u00e9pare \u00e0 convoquer un sommet d&rsquo;urgence \u00e0 Bruxelles jeudi pour d\u00e9battre de la fa\u00e7on de r\u00e9pondre aux r\u00e9centes menaces de Trump concernant le Groenland. Kaja Kallas, la chef de la politique \u00e9trang\u00e8re de l&rsquo;UE, a indiqu\u00e9 que, bien que le bloc ne souhaite pas provoquer de conflit, il est pr\u00eat \u00e0 d\u00e9fendre sa position.<\/p>\n<p>Kallas a d\u00e9clar\u00e9 : \u00ab Les menaces commerciales ne sont pas l&rsquo;approche appropri\u00e9e dans cette situation. La souverainet\u00e9 n&rsquo;est pas une question \u00e0 n\u00e9gocier. \u00bb<\/p>\n<p>Ce d\u00e9veloppement fait suite \u00e0 la diffusion de messages texte entre Trump et le Premier ministre norv\u00e9gien, r\u00e9v\u00e9lant que le pr\u00e9sident am\u00e9ricain avait attribu\u00e9 son \u00e9chec \u00e0 obtenir le Prix Nobel de la paix \u00e0 la Norv\u00e8ge.<\/p>\n<p>Dans sa r\u00e9ponse, Jonas Gahr St\u00f8re a clarifi\u00e9 que le Prix Nobel est attribu\u00e9 par un comit\u00e9 ind\u00e9pendant, et non par le gouvernement norv\u00e9gien, et a mentionn\u00e9 que le prix de l&rsquo;ann\u00e9e derni\u00e8re avait \u00e9t\u00e9 d\u00e9cern\u00e9 au leader de l&rsquo;opposition v\u00e9n\u00e9zu\u00e9lienne, Mar\u00eda Corina Machado.<\/p>\n<p>St\u00f8re a affirm\u00e9 : \u00ab La position de la Norv\u00e8ge sur le Groenland est sans \u00e9quivoque. Il fait partie du Royaume du Danemark, et la Norv\u00e8ge soutient pleinement le Danemark sur cette question. \u00bb<\/p>\n<p>Trump a \u00e9galement comment\u00e9 la conversation textuelle lors d&rsquo;une interview lundi, affirmant : \u00ab La Norv\u00e8ge a un contr\u00f4le total sur le Prix Nobel, malgr\u00e9 leurs affirmations contraires. Ils aiment pr\u00e9tendre qu&rsquo;ils n&rsquo;ont aucune implication, mais ils sont profond\u00e9ment connect\u00e9s \u00e0 cela. \u00bb<\/p>\n<p>Dans une annonce distincte, le Commandement de la d\u00e9fense a\u00e9rospatiale nord-am\u00e9ricain (NORAD) a rapport\u00e9 que plusieurs avions se dirigent vers la base spatiale de Pituffik au Groenland. L&rsquo;organisation militaire conjointe \u00c9tats-Unis-Canada a pr\u00e9cis\u00e9 que ces mouvements sont routiniers et font partie des op\u00e9rations NORAD planifi\u00e9es, coordonn\u00e9es avec le Danemark et avec notification pr\u00e9alable au gouvernement groenlandais.<\/p>\n<p>Des op\u00e9rations similaires \u00e0 la base ont \u00e9t\u00e9 men\u00e9es lors des ann\u00e9es pr\u00e9c\u00e9dentes de<time>2022<\/time>,<time>2023<\/time>et l&rsquo;ann\u00e9e derni\u00e8re.<\/p>\n<\/div>\n<p><\/body><\/p>\n","protected":false},"excerpt":{"rendered":"<p>Donald Trump a affirm\u00e9 sa d\u00e9termination \u00e0 mettre en \u0153uvre sa menace de droits de douane contre les nations europ\u00e9ennes qui s&rsquo;opposent \u00e0 sa demande de contr\u00f4le sur le Groenland. Le pr\u00e9sident am\u00e9ricain soutient qu&rsquo;il agira avec une certitude absolue dans cette d\u00e9marche. Les pays europ\u00e9ens se sont unis pour d\u00e9fendre l&rsquo;autonomie du Groenland, le [&hellip;]<\/p>\n","protected":false},"author":23,"featured_media":172379,"comment_status":"open","ping_status":"open","sticky":false,"template":"","format":"standard","meta":{"_acf_changed":false,"inline_featured_image":false,"footnotes":""},"categories":[451],"tags":[],"class_list":["post-172381","post","type-post","status-publish","format-standard","has-post-thumbnail","hentry","category-world-news"],"acf":[],"_links":{"self":[{"href":"https:\/\/pointer-news.com\/fr\/wp-json\/wp\/v2\/posts\/172381","targetHints":{"allow":["GET"]}}],"collection":[{"href":"https:\/\/pointer-news.com\/fr\/wp-json\/wp\/v2\/posts"}],"about":[{"href":"https:\/\/pointer-news.com\/fr\/wp-json\/wp\/v2\/types\/post"}],"author":[{"embeddable":true,"href":"https:\/\/pointer-news.com\/fr\/wp-json\/wp\/v2\/users\/23"}],"replies":[{"embeddable":true,"href":"https:\/\/pointer-news.com\/fr\/wp-json\/wp\/v2\/comments?post=172381"}],"version-history":[{"count":1,"href":"https:\/\/pointer-news.com\/fr\/wp-json\/wp\/v2\/posts\/172381\/revisions"}],"predecessor-version":[{"id":172385,"href":"https:\/\/pointer-news.com\/fr\/wp-json\/wp\/v2\/posts\/172381\/revisions\/172385"}],"wp:featuredmedia":[{"embeddable":true,"href":"https:\/\/pointer-news.com\/fr\/wp-json\/wp\/v2\/media\/172379"}],"wp:attachment":[{"href":"https:\/\/pointer-news.com\/fr\/wp-json\/wp\/v2\/media?parent=172381"}],"wp:term":[{"taxonomy":"category","embeddable":true,"href":"https:\/\/pointer-news.com\/fr\/wp-json\/wp\/v2\/categories?post=172381"},{"taxonomy":"post_tag","embeddable":true,"href":"https:\/\/pointer-news.com\/fr\/wp-json\/wp\/v2\/tags?post=172381"}],"curies":[{"name":"wp","href":"https:\/\/api.w.org\/{rel}","templated":true}]}}