{"id":172439,"date":"2026-01-21T09:01:42","date_gmt":"2026-01-21T07:01:42","guid":{"rendered":"https:\/\/pointer-news.com\/?p=172439"},"modified":"2026-01-21T09:01:51","modified_gmt":"2026-01-21T07:01:51","slug":"trump-reaffirme-ses-ambitions-pour-le-groenland-avant-son-voyage-a-davos-en-insistant-sur-le-fait-qu","status":"publish","type":"post","link":"https:\/\/pointer-news.com\/fr\/trump-reaffirme-ses-ambitions-pour-le-groenland-avant-son-voyage-a-davos-en-insistant-sur-le-fait-qu\/","title":{"rendered":"Trump r\u00e9affirme ses ambitions pour le Groenland avant son voyage \u00e0 Davos, en insistant sur le fait qu&rsquo;il n&rsquo;y a \u00ab\u00a0pas de retour en arri\u00e8re\u00a0\u00bb"},"content":{"rendered":"<p><body><\/p>\n<div class=\"article-content\">\n<p>Dans une r\u00e9affirmation audacieuse de ses ambitions concernant le Groenland, le pr\u00e9sident am\u00e9ricain Donald Trump a d\u00e9clar\u00e9 qu&rsquo;il n&rsquo;y a \u00ab\u00a0pas de retour en arri\u00e8re\u00a0\u00bb sur ses intentions de revendiquer le contr\u00f4le du territoire danois semi-autonome.<\/p>\n<p>En r\u00e9ponse aux questions lors d&rsquo;un point de presse sur l&rsquo;\u00e9tendue de ses projets d&rsquo;acquisition du Groenland, Trump a myst\u00e9rieusement d\u00e9clar\u00e9 : \u00ab\u00a0Vous le d\u00e9couvrirez.\u00a0\u00bb Cette annonce fait suite aux remarques du pr\u00e9sident fran\u00e7ais Emmanuel Macron, qui a mis en garde contre un \u00ab\u00a0changement vers un monde sans r\u00e8gles\u00a0\u00bb, tandis que le Premier ministre canadien Mark Carney a not\u00e9 que \u00ab\u00a0l&rsquo;ancien ordre ne reviendra pas\u00a0\u00bb.<\/p>\n<p>Alors que Trump se pr\u00e9parait \u00e0 son arriv\u00e9e \u00e0 Davos pour le Forum \u00e9conomique mondial, un l\u00e9ger dysfonctionnement \u00e9lectrique \u00e0 bord de l&rsquo;Air Force One a n\u00e9cessit\u00e9 un retour \u00e0 la base. Les cons\u00e9quences de ce contretemps sur son emploi du temps restent incertaines, bien que la Maison Blanche ait confirm\u00e9 qu&rsquo;il poursuivrait son voyage vers la Suisse \u00e0 bord d&rsquo;un autre a\u00e9ronef.<\/p>\n<p>Le pr\u00e9sident a indiqu\u00e9 que de nombreuses discussions sont pr\u00e9vues concernant le Groenland. Lors d&rsquo;une conf\u00e9rence de presse exhaustive, il a exprim\u00e9 son optimisme, affirmant que \u00ab\u00a0les choses vont bien se passer\u00a0\u00bb en ce qui concerne le territoire.<\/p>\n<p>Lorsqu&rsquo;un journaliste lui a demand\u00e9 s&rsquo;il sacrifierait la coh\u00e9sion de l&rsquo;OTAN pour le Groenland, Trump a affirm\u00e9 : \u00ab\u00a0Personne n&rsquo;a fait plus pour l&rsquo;OTAN que moi, de toutes les mani\u00e8res possibles. L&rsquo;OTAN sera contente, et nous aussi [&#8230;] C&rsquo;est essentiel pour la s\u00e9curit\u00e9 mondiale.\u00a0\u00bb N\u00e9anmoins, il a pr\u00e9c\u00e9demment \u00e9mis des doutes sur la volont\u00e9 de l&rsquo;OTAN d&rsquo;assister les \u00c9tats-Unis si n\u00e9cessaire.<\/p>\n<p>\u00ab\u00a0Je sais que nous viendrions \u00e0 [l&rsquo;OTAN] en aide, mais je remets vraiment en question leur volont\u00e9 de venir \u00e0 notre secours,\u00a0\u00bb a-t-il d\u00e9clar\u00e9 aux journalistes. L&rsquo;OTAN compte actuellement 32 \u00c9tats membres, les \u00c9tats-Unis \u00e9tant l&rsquo;un des douze \u00c9tats fondateurs.<\/p>\n<p>Cette alliance est con\u00e7ue pour prot\u00e9ger la libert\u00e9 et la s\u00e9curit\u00e9 par la d\u00e9fense collective, comme l&rsquo;indique l&rsquo;article 5, qui stipule qu&rsquo;une attaque arm\u00e9e contre un ou plusieurs membres sera consid\u00e9r\u00e9e comme une attaque contre tous.<\/p>\n<p>Trump n&rsquo;a pas exclu la possibilit\u00e9 d&rsquo;utiliser la force militaire pour prendre le contr\u00f4le du Groenland. Lorsqu&rsquo;il a \u00e9t\u00e9 interrog\u00e9 par NBC News s&rsquo;il recourrait \u00e0 de telles actions, il a r\u00e9pondu : \u00ab\u00a0Pas de commentaire.\u00a0\u00bb<\/p>\n<p>Dans une interview avec une \u00e9mission d&rsquo;information, la ministre de l&rsquo;Industrie et des Ressources naturelles du Groenland, Naaja Nathanielsen, a exprim\u00e9 que les habitants du Groenland sont \u00ab\u00a0d\u00e9concert\u00e9s\u00a0\u00bb par les affirmations de Trump. \u00ab\u00a0Nous ne souhaitons pas devenir am\u00e9ricains, et nous l&rsquo;avons tr\u00e8s clairement fait savoir,\u00a0\u00bb a d\u00e9clar\u00e9 Nathanielsen. \u00ab\u00a0Quelle valeur accordez-vous \u00e0 notre culture et \u00e0 notre droit de d\u00e9terminer notre avenir ?\u00a0\u00bb<\/p>\n<p>Alors qu&rsquo;il se pr\u00e9parait pour le Forum \u00e9conomique mondial, Trump a partag\u00e9 des captures d&rsquo;\u00e9cran montrant pr\u00e9tendument des \u00e9changes de texto avec Macron et le secr\u00e9taire g\u00e9n\u00e9ral de l&rsquo;OTAN, Mark Rutte. Dans un message, Rutte a exprim\u00e9 son engagement \u00e0 trouver une voie \u00e0 suivre concernant le Groenland, tandis que Macron a exprim\u00e9 sa confusion quant aux actions de Trump et a propos\u00e9 de faciliter une r\u00e9union avec d&rsquo;autres dirigeants \u00e0 Paris.<\/p>\n<p>La pr\u00e9sidente de la Commission europ\u00e9enne, Ursula von der Leyen, a abord\u00e9 le sujet directement dans son discours \u00e0 la conf\u00e9rence, affirmant que l&rsquo;Europe est \u00ab\u00a0enti\u00e8rement engag\u00e9e\u00a0\u00bb dans la s\u00e9curit\u00e9 arctique. Elle a soulign\u00e9 que cet objectif ne peut \u00eatre atteint que collectivement et a critiqu\u00e9 les menaces tarifaires de Trump comme \u00ab\u00a0une erreur\u00a0\u00bb.<\/p>\n<p>Le leader am\u00e9ricain a annonc\u00e9 son intention d&rsquo;imposer un tarif de 10 % sur \u00ab\u00a0tous les biens\u00a0\u00bb import\u00e9s de huit pays europ\u00e9ens \u00e0 partir du 1er f\u00e9vrier s&rsquo;ils s&rsquo;opposent \u00e0 sa proposition de prise de contr\u00f4le du Groenland.<\/p>\n<p>Von der Leyen a \u00e9galement affirm\u00e9 que l&rsquo;Union europ\u00e9enne se tenait en \u00ab\u00a0pleine solidarit\u00e9\u00a0\u00bb avec le Groenland et le Danemark, insistant sur le fait que leur souverainet\u00e9 est \u00ab\u00a0non n\u00e9gociable\u00a0\u00bb. Le Premier ministre canadien Carney a fait \u00e9cho \u00e0 ses sentiments, r\u00e9affirmant l&rsquo;engagement in\u00e9branlable de son pays envers l&rsquo;article 5 de l&rsquo;OTAN, d\u00e9clarant : \u00ab\u00a0Nous nous tenons fermement aux c\u00f4t\u00e9s du Groenland et du Danemark et soutenons pleinement leur droit unique de d\u00e9terminer l&rsquo;avenir du Groenland.\u00a0\u00bb<\/p>\n<p>Lors de son discours \u00e0 Davos, Macron a exprim\u00e9 une pr\u00e9f\u00e9rence pour \u00ab\u00a0le respect plut\u00f4t que l&rsquo;intimidation\u00a0\u00bb et a plaid\u00e9 pour \u00ab\u00a0l&rsquo;\u00e9tat de droit plut\u00f4t que la brutalit\u00e9.\u00a0\u00bb Plus t\u00f4t, Trump avait menac\u00e9 d&rsquo;un tarif de 200 % sur le vin et le champagne fran\u00e7ais apr\u00e8s que Macron aurait refus\u00e9 une invitation \u00e0 participer \u00e0 une initiative dirig\u00e9e par les \u00c9tats-Unis pour Gaza.<\/p>\n<p>Macron a condamn\u00e9 \u00ab\u00a0l&rsquo;accumulation infinie de nouveaux tarifs\u00a0\u00bb comme \u00e9tant \u00ab\u00a0fondamentalement inacceptable\u00a0\u00bb, notamment lorsqu&rsquo;elle est utilis\u00e9e comme levier contre la souverainet\u00e9 territoriale. Il fait partie de ceux qui exhortent l&rsquo;UE \u00e0 explorer des mesures de r\u00e9torsion contre les tarifs am\u00e9ricains, y compris un instrument anti-coercition commun\u00e9ment appel\u00e9 \u00ab\u00a0bazooka commercial.\u00a0\u00bb<\/p>\n<p>Des sources li\u00e9es au comit\u00e9 du commerce international ont indiqu\u00e9 que le Parlement europ\u00e9en pourrait envisager de suspendre l&rsquo;approbation de l&rsquo;accord commercial am\u00e9ricain \u00e9tabli en juillet, signalant une possible escalade des tensions entre les \u00c9tats-Unis et l&rsquo;Europe.<\/p>\n<\/div>\n<p><\/body><\/p>\n","protected":false},"excerpt":{"rendered":"<p>Dans une r\u00e9affirmation audacieuse de ses ambitions concernant le Groenland, le pr\u00e9sident am\u00e9ricain Donald Trump a d\u00e9clar\u00e9 qu&rsquo;il n&rsquo;y a \u00ab\u00a0pas de retour en arri\u00e8re\u00a0\u00bb sur ses intentions de revendiquer le contr\u00f4le du territoire danois semi-autonome. En r\u00e9ponse aux questions lors d&rsquo;un point de presse sur l&rsquo;\u00e9tendue de ses projets d&rsquo;acquisition du Groenland, Trump a [&hellip;]<\/p>\n","protected":false},"author":23,"featured_media":172437,"comment_status":"open","ping_status":"open","sticky":false,"template":"","format":"standard","meta":{"_acf_changed":false,"inline_featured_image":false,"footnotes":""},"categories":[451],"tags":[],"class_list":["post-172439","post","type-post","status-publish","format-standard","has-post-thumbnail","hentry","category-world-news"],"acf":[],"_links":{"self":[{"href":"https:\/\/pointer-news.com\/fr\/wp-json\/wp\/v2\/posts\/172439","targetHints":{"allow":["GET"]}}],"collection":[{"href":"https:\/\/pointer-news.com\/fr\/wp-json\/wp\/v2\/posts"}],"about":[{"href":"https:\/\/pointer-news.com\/fr\/wp-json\/wp\/v2\/types\/post"}],"author":[{"embeddable":true,"href":"https:\/\/pointer-news.com\/fr\/wp-json\/wp\/v2\/users\/23"}],"replies":[{"embeddable":true,"href":"https:\/\/pointer-news.com\/fr\/wp-json\/wp\/v2\/comments?post=172439"}],"version-history":[{"count":1,"href":"https:\/\/pointer-news.com\/fr\/wp-json\/wp\/v2\/posts\/172439\/revisions"}],"predecessor-version":[{"id":172443,"href":"https:\/\/pointer-news.com\/fr\/wp-json\/wp\/v2\/posts\/172439\/revisions\/172443"}],"wp:featuredmedia":[{"embeddable":true,"href":"https:\/\/pointer-news.com\/fr\/wp-json\/wp\/v2\/media\/172437"}],"wp:attachment":[{"href":"https:\/\/pointer-news.com\/fr\/wp-json\/wp\/v2\/media?parent=172439"}],"wp:term":[{"taxonomy":"category","embeddable":true,"href":"https:\/\/pointer-news.com\/fr\/wp-json\/wp\/v2\/categories?post=172439"},{"taxonomy":"post_tag","embeddable":true,"href":"https:\/\/pointer-news.com\/fr\/wp-json\/wp\/v2\/tags?post=172439"}],"curies":[{"name":"wp","href":"https:\/\/api.w.org\/{rel}","templated":true}]}}