{"id":165764,"date":"2025-12-12T01:47:29","date_gmt":"2025-12-11T23:47:29","guid":{"rendered":"https:\/\/pointer-news.com\/?p=165764"},"modified":"2025-12-12T01:47:46","modified_gmt":"2025-12-11T23:47:46","slug":"impasse-na-lei-dos-direitos-dos-trabalhadores-persiste-apos-derrota-na-camara-dos-lordes","status":"publish","type":"post","link":"https:\/\/pointer-news.com\/pt-br\/impasse-na-lei-dos-direitos-dos-trabalhadores-persiste-apos-derrota-na-camara-dos-lordes\/","title":{"rendered":"Impasse na lei dos direitos dos trabalhadores persiste ap\u00f3s derrota na C\u00e2mara dos Lordes"},"content":{"rendered":"<p><body><\/p>\n<div class=\"article-content\">\n<h2>Continua\u00e7\u00e3o do impasse legislativo<\/h2>\n<p>A proposta principal do Partido Trabalhista sobre direitos dos trabalhadores enfrenta um bloqueio persistente, ap\u00f3s a C\u00e2mara dos Lordes impor mais uma derrota ao governo.<\/p>\n<p>Esse rev\u00e9s ocorre apenas duas semanas depois que os ministros afirmaram ter alcan\u00e7ado um compromisso entre empresas e sindicatos sobre o direito de reivindicar demiss\u00e3o injusta.<\/p>\n<p>O governo argumentou que o acordo facilitaria a aprova\u00e7\u00e3o do Projeto de Lei de Direitos Trabalhistas, permitindo que se tornasse lei.<\/p>\n<h2>Desafios no processo legislativo<\/h2>\n<p>No entanto, os pares agora apoiaram uma proposta conservadora que exige uma revis\u00e3o de um plano trabalhista para eliminar o teto de compensa\u00e7\u00e3o em casos de demiss\u00e3o injusta.<\/p>\n<p>A proposta para abolir o teto, que surgiu de negocia\u00e7\u00f5es entre sindicatos e grupos empresariais duas semanas atr\u00e1s, n\u00e3o estava presente no manifesto do Partido Trabalhista e est\u00e1 sendo adicionada ao projeto em uma fase incomumente tardia.<\/p>\n<p>O projeto deve retornar \u00e0 C\u00e2mara dos Comuns na segunda-feira, enquanto o processo parlamentar conhecido como &#8220;ping-pong&#8221; continua at\u00e9 que ambas as Casas cheguem a um acordo.<\/p>\n<h2>As rea\u00e7\u00f5es e a posi\u00e7\u00e3o do governo<\/h2>\n<p>Os sindicatos acusaram os pares de &#8220;desafiar a vontade do p\u00fablico brit\u00e2nico&#8221; ao atrasar o projeto, mas o governo de Downing Street insistiu que ainda estava comprometido em aprov\u00e1-lo antes do Natal.<\/p>\n<p>O projeto, que se aplica \u00e0 Inglaterra, Esc\u00f3cia e Pa\u00eds de Gales, mas n\u00e3o \u00e0 Irlanda do Norte, onde a legisla\u00e7\u00e3o trabalhista \u00e9 descentralizada, foi descrito pelo governo como o &#8220;maior aprimoramento dos direitos trabalhistas em uma gera\u00e7\u00e3o&#8221;.<\/p>\n<p>Inclui medidas como garantir aos trabalhadores o direito a licen\u00e7a m\u00e9dica e licen\u00e7a parental desde o primeiro dia de trabalho, proibi\u00e7\u00e3o de contratos de zero horas considerados &#8220;explorat\u00f3rios&#8221; e fortalecimento do direito de solicitar trabalho flex\u00edvel.<\/p>\n<h2>Preocupa\u00e7\u00f5es empresariais e mudan\u00e7as propostas<\/h2>\n<p>No entanto, algumas empresas expressaram preocupa\u00e7\u00f5es sobre os planos, alertando que eles aumentar\u00e3o os custos para os empregadores.<\/p>\n<p>No m\u00eas passado, o governo abandonou o compromisso de oferecer a todos os trabalhadores o direito de reivindicar demiss\u00e3o injusta desde o primeiro dia de trabalho, ap\u00f3s grupos empresariais afirmarem que isso desestimularia as contrata\u00e7\u00f5es.<\/p>\n<p>Agora, os ministros planejam introduzir esse direito ap\u00f3s seis meses.<\/p>\n<h2>Discuss\u00f5es e opini\u00f5es divergentes<\/h2>\n<p>Ao final de discuss\u00f5es entre principais entidades do setor e sindicatos, o governo tamb\u00e9m se comprometeu a eliminar os limites sobre compensa\u00e7\u00f5es por perdas financeiras em casos comuns de demiss\u00e3o injusta.<\/p>\n<p>Atualmente, as indeniza\u00e7\u00f5es para ex-funcion\u00e1rios que apresentam uma reivindica\u00e7\u00e3o bem-sucedida s\u00e3o limitadas ao sal\u00e1rio anual ou a \u00a3118,223, o que for menor.<\/p>\n<p>Isso alinharia o processo mais com os casos de demiss\u00e3o injusta &#8220;autom\u00e1tica&#8221; \u2014 onde os trabalhadores foram demitidos por raz\u00f5es como discrimina\u00e7\u00e3o e den\u00fancias \u2014 onde as indeniza\u00e7\u00f5es por perdas financeiras n\u00e3o t\u00eam limite.<\/p>\n<h2>Vota\u00e7\u00e3o e declara\u00e7\u00f5es de l\u00edderes<\/h2>\n<p>Na noite de quarta-feira, os pares votaram 244 a 220 a favor de uma proposta conservadora que exigiria que o governo revisasse os limites de compensa\u00e7\u00e3o antes de elimin\u00e1-los.<\/p>\n<p>Durante o debate, o ministro conservador Lord Sharpe argumentou que a elimina\u00e7\u00e3o do teto de compensa\u00e7\u00e3o beneficiaria os trabalhadores de maior sal\u00e1rio, acrescentando: &#8220;Essa pol\u00edtica \u00e9 uma receita para os ricos e uma destrui\u00e7\u00e3o da justi\u00e7a para os trabalhadores&#8221;.<\/p>\n<p>Embora tenha recebido bem as mudan\u00e7as sobre direitos \u00e0 demiss\u00e3o injusta, o par afirmou que as novas propostas do governo sobre limites de compensa\u00e7\u00e3o foram apresentadas &#8220;no \u00faltimo minuto&#8221; sem qualquer consulta.<\/p>\n<h2>Defesa e preocupa\u00e7\u00f5es adicionais<\/h2>\n<p>Lord Sharpe insistiu que a convoca\u00e7\u00e3o de uma revis\u00e3o n\u00e3o era &#8220;obstru\u00e7\u00e3o&#8221;, mas &#8220;o m\u00ednimo que uma administra\u00e7\u00e3o competente deveria realizar&#8221;.<\/p>\n<p>O par independente Lord Londesborough disse que sua caixa de entrada estava &#8220;inundada de raiva e indigna\u00e7\u00e3o&#8221; de empresas sobre o governo &#8220;introduzindo furtivamente essa cl\u00e1usula sobre compensa\u00e7\u00e3o sem limite&#8221;.<\/p>\n<p>Ele acrescentou: &#8220;Isso \u00e9 antiempreendedor, antissocial e, temo, destruidor de empregos&#8221;.<\/p>\n<h2>Resposta do governo e reservas do setor<\/h2>\n<p>Defendendo a medida, a Ministra dos Neg\u00f3cios, Baroness Lloyd, afirmou que o sistema atual incentivava os reclamantes a alegar discrimina\u00e7\u00e3o, uma vez que isso permitia compensa\u00e7\u00f5es sem limite.<\/p>\n<p>&#8220;Esses tipos de reivindica\u00e7\u00f5es s\u00e3o mais complexos e levam mais tempo para o tribunal lidar&#8221;, disse ela.<\/p>\n<p>&#8220;Portanto, ao removermos o teto de compensa\u00e7\u00e3o para reivindica\u00e7\u00f5es comuns de demiss\u00e3o injusta, esse incentivo ser\u00e1 reduzido, tornando mais f\u00e1cil para os tribunais chegarem a um julgamento mais rapidamente e diminuindo os encargos sobre o sistema&#8221;.<\/p>\n<h2>Preocupa\u00e7\u00f5es da Federa\u00e7\u00e3o de Pequenas Empresas<\/h2>\n<p>Ela afirmou que o governo havia &#8220;trabalhado colaborativamente com empregadores e sindicatos para encontrar um compromisso&#8221; e pediu aos pares que permitissem o progresso do projeto para que os trabalhadores pudessem se beneficiar das reformas sem mais atrasos.<\/p>\n<p>Entretanto, a Federa\u00e7\u00e3o de Pequenas Empresas expressou reservas sobre o plano, alertando que acordos ilimitados &#8220;seriam dif\u00edceis e causariam mais congestionamento nos tribunais&#8221;.<\/p>\n<p>&#8220;Isso n\u00e3o foi uma concess\u00e3o discutida conosco ou acordada nas negocia\u00e7\u00f5es&#8221;, acrescentou o diretor executivo Craig Beaumont.<\/p>\n<h2>Declara\u00e7\u00e3o do TUC<\/h2>\n<p>O secret\u00e1rio-geral do TUC, Paul Nowak, afirmou: &#8220;Continuar a rejeitar o Projeto de Lei de Direitos Trabalhistas, um compromisso claro do manifesto, \u00e9 antidemocr\u00e1tico.<\/p>\n<p>&#8220;Este projeto foi debatido e examinado por meses. Os pares conservadores est\u00e3o desafiando ativamente a vontade do p\u00fablico brit\u00e2nico e de seus pr\u00f3prios apoiadores, que apoiam amplamente as medidas contidas neste projeto&#8221;.<\/p>\n<\/div>\n<p><\/body><\/p>\n","protected":false},"excerpt":{"rendered":"<p>Continua\u00e7\u00e3o do impasse legislativo A proposta principal do Partido Trabalhista sobre direitos dos trabalhadores enfrenta um bloqueio persistente, ap\u00f3s a C\u00e2mara dos Lordes impor mais uma derrota ao governo. Esse rev\u00e9s ocorre apenas duas semanas depois que os ministros afirmaram ter alcan\u00e7ado um compromisso entre empresas e sindicatos sobre o direito de reivindicar demiss\u00e3o injusta. [&hellip;]<\/p>\n","protected":false},"author":23,"featured_media":165759,"comment_status":"open","ping_status":"open","sticky":false,"template":"","format":"standard","meta":{"_acf_changed":false,"inline_featured_image":false,"footnotes":""},"categories":[548],"tags":[],"class_list":["post-165764","post","type-post","status-publish","format-standard","has-post-thumbnail","hentry","category-business-finance"],"acf":[],"_links":{"self":[{"href":"https:\/\/pointer-news.com\/pt-br\/wp-json\/wp\/v2\/posts\/165764","targetHints":{"allow":["GET"]}}],"collection":[{"href":"https:\/\/pointer-news.com\/pt-br\/wp-json\/wp\/v2\/posts"}],"about":[{"href":"https:\/\/pointer-news.com\/pt-br\/wp-json\/wp\/v2\/types\/post"}],"author":[{"embeddable":true,"href":"https:\/\/pointer-news.com\/pt-br\/wp-json\/wp\/v2\/users\/23"}],"replies":[{"embeddable":true,"href":"https:\/\/pointer-news.com\/pt-br\/wp-json\/wp\/v2\/comments?post=165764"}],"version-history":[{"count":1,"href":"https:\/\/pointer-news.com\/pt-br\/wp-json\/wp\/v2\/posts\/165764\/revisions"}],"predecessor-version":[{"id":165767,"href":"https:\/\/pointer-news.com\/pt-br\/wp-json\/wp\/v2\/posts\/165764\/revisions\/165767"}],"wp:featuredmedia":[{"embeddable":true,"href":"https:\/\/pointer-news.com\/pt-br\/wp-json\/wp\/v2\/media\/165759"}],"wp:attachment":[{"href":"https:\/\/pointer-news.com\/pt-br\/wp-json\/wp\/v2\/media?parent=165764"}],"wp:term":[{"taxonomy":"category","embeddable":true,"href":"https:\/\/pointer-news.com\/pt-br\/wp-json\/wp\/v2\/categories?post=165764"},{"taxonomy":"post_tag","embeddable":true,"href":"https:\/\/pointer-news.com\/pt-br\/wp-json\/wp\/v2\/tags?post=165764"}],"curies":[{"name":"wp","href":"https:\/\/api.w.org\/{rel}","templated":true}]}}