{"id":166543,"date":"2025-12-14T08:02:08","date_gmt":"2025-12-14T06:02:08","guid":{"rendered":"https:\/\/pointer-news.com\/?p=166543"},"modified":"2025-12-14T08:02:26","modified_gmt":"2025-12-14T06:02:26","slug":"tres-americanos-perdem-a-vida-em-ataque-de-atirador-do-isis-na-siria-relata-o-exercito-dos-eua","status":"publish","type":"post","link":"https:\/\/pointer-news.com\/pt-br\/tres-americanos-perdem-a-vida-em-ataque-de-atirador-do-isis-na-siria-relata-o-exercito-dos-eua\/","title":{"rendered":"Tr\u00eas Americanos Perdem a Vida em Ataque de Atirador do ISIS na S\u00edria, Relata o Ex\u00e9rcito dos EUA"},"content":{"rendered":"<p><body><\/p>\n<div class=\"article-content\">\n<div>\n<p>Em um incidente tr\u00e1gico na S\u00edria, um atirador vinculado ao Estado Isl\u00e2mico (ISIS) ceifou a vida de dois soldados americanos e um int\u00e9rprete civil, conforme informa\u00e7\u00f5es divulgadas pelo Comando Central dos EUA.<\/p>\n<p>Al\u00e9m disso, tr\u00eas outros militares ficaram feridos durante a emboscada, que foi supostamente seguida de uma resposta que resultou na morte do agressor.<\/p>\n<p>O presidente Donald Trump utilizou as redes sociais para classificar o ocorrido como um &#8220;ataque do ISIS&#8221; direcionado \u00e0s for\u00e7as americanas e s\u00edrias, prometendo uma &#8220;retalia\u00e7\u00e3o significativa&#8221;. O governo s\u00edrio rapidamente condenou o ataque em um comunicado oficial.<\/p>\n<\/div>\n<p>Em um incidente tr\u00e1gico na S\u00edria, um atirador vinculado ao Estado Isl\u00e2mico (ISIS) ceifou a vida de dois soldados americanos e um int\u00e9rprete civil, conforme informa\u00e7\u00f5es divulgadas pelo Comando Central dos EUA.<\/p>\n<p>Al\u00e9m disso, tr\u00eas outros militares ficaram feridos durante a emboscada, que foi supostamente seguida de uma resposta que resultou na morte do agressor.<\/p>\n<p>O presidente Donald Trump utilizou as redes sociais para classificar o ocorrido como um &#8220;ataque do ISIS&#8221; direcionado \u00e0s for\u00e7as americanas e s\u00edrias, prometendo uma &#8220;retalia\u00e7\u00e3o significativa&#8221;. O governo s\u00edrio rapidamente condenou o ataque em um comunicado oficial.<\/p>\n<div>\n<p>As identidades dos falecidos est\u00e3o sendo mantidas em sigilo por 24 horas enquanto suas fam\u00edlias s\u00e3o notificadas, de acordo com os protocolos do Comando Central dos EUA.<\/p>\n<p>Em uma declara\u00e7\u00e3o publicada no X, o Comando Central dos EUA detalhou que a emboscada foi realizada por um \u00fanico agressor do ISIS, enquanto um oficial do Pent\u00e1gono indicou que investiga\u00e7\u00f5es preliminares sugerem que o ataque foi provavelmente orquestrado pela organiza\u00e7\u00e3o terrorista.<\/p>\n<p>O Observat\u00f3rio S\u00edrio dos Direitos Humanos, com sede no Reino Unido, relatou que o atirador era um membro das for\u00e7as de seguran\u00e7a s\u00edrias.<\/p>\n<\/div>\n<p>As identidades dos falecidos est\u00e3o sendo mantidas em sigilo por 24 horas enquanto suas fam\u00edlias s\u00e3o notificadas, de acordo com os protocolos do Comando Central dos EUA.<\/p>\n<p>Em uma declara\u00e7\u00e3o publicada no X, o Comando Central dos EUA detalhou que a emboscada foi realizada por um \u00fanico agressor do ISIS, enquanto um oficial do Pent\u00e1gono indicou que investiga\u00e7\u00f5es preliminares sugerem que o ataque foi provavelmente orquestrado pela organiza\u00e7\u00e3o terrorista.<\/p>\n<p>O Observat\u00f3rio S\u00edrio dos Direitos Humanos, com sede no Reino Unido, relatou que o atirador era um membro das for\u00e7as de seguran\u00e7a s\u00edrias.<\/p>\n<div>\n<p>At\u00e9 o momento, nenhum grupo reivindicou a responsabilidade pela emboscada, nem a identidade do atacante foi divulgada.<\/p>\n<p>A emboscada ocorreu em Palmira, uma cidade situada no centro da S\u00edria, em um momento em que os soldados americanos participavam de uma reuni\u00e3o crucial de l\u00edderes, de acordo com o porta-voz do Pent\u00e1gono, Sean Parnell.<\/p>\n<p>Ele tamb\u00e9m observou que o incidente est\u00e1 atualmente sob investiga\u00e7\u00e3o.<\/p>\n<\/div>\n<p>At\u00e9 o momento, nenhum grupo reivindicou a responsabilidade pela emboscada, nem a identidade do atacante foi divulgada.<\/p>\n<p>A emboscada ocorreu em Palmira, uma cidade situada no centro da S\u00edria, em um momento em que os soldados americanos participavam de uma reuni\u00e3o crucial de l\u00edderes, de acordo com o porta-voz do Pent\u00e1gono, Sean Parnell.<\/p>\n<p>Ele tamb\u00e9m observou que o incidente est\u00e1 atualmente sob investiga\u00e7\u00e3o.<\/p>\n<div>\n<p>Um oficial do Pent\u00e1gono comentou: &#8220;Esse ataque ocorreu em uma regi\u00e3o onde o presidente s\u00edrio n\u00e3o possui autoridade&#8221;.<\/p>\n<p>O presidente Trump mais tarde assegurou que os tr\u00eas soldados americanos feridos estavam se recuperando bem, enquanto a m\u00eddia estatal da S\u00edria informou que dois soldados s\u00edrios tamb\u00e9m foram feridos no ataque.<\/p>\n<p>O Secret\u00e1rio de Defesa dos EUA, Pete Hegseth, emitiu um aviso s\u00e9rio: &#8220;Que fique claro, se voc\u00ea atacar americanos em qualquer lugar do mundo, enfrentar\u00e1 uma persegui\u00e7\u00e3o implac\u00e1vel dos Estados Unidos, resultando em sua elimina\u00e7\u00e3o.&#8221;<\/p>\n<\/div>\n<p>Um oficial do Pent\u00e1gono comentou: &#8220;Esse ataque ocorreu em uma regi\u00e3o onde o presidente s\u00edrio n\u00e3o possui autoridade&#8221;.<\/p>\n<p>O presidente Trump mais tarde assegurou que os tr\u00eas soldados americanos feridos estavam se recuperando bem, enquanto a m\u00eddia estatal da S\u00edria informou que dois soldados s\u00edrios tamb\u00e9m foram feridos no ataque.<\/p>\n<p>O Secret\u00e1rio de Defesa dos EUA, Pete Hegseth, emitiu um aviso s\u00e9rio: &#8220;Que fique claro, se voc\u00ea atacar americanos em qualquer lugar do mundo, enfrentar\u00e1 uma persegui\u00e7\u00e3o implac\u00e1vel dos Estados Unidos, resultando em sua elimina\u00e7\u00e3o.&#8221;<\/p>\n<div>\n<p>Em um post separado no X, o Ministro das Rela\u00e7\u00f5es Exteriores da S\u00edria, Asaad al-Shaibani, expressou a condena\u00e7\u00e3o da na\u00e7\u00e3o ao ataque e enviou condol\u00eancias \u00e0s fam\u00edlias das v\u00edtimas.<\/p>\n<p>Tom Barrack, o embaixador dos EUA na Turquia e enviado especial para a S\u00edria, condenou a &#8220;emboscada terrorista covarde&#8221; direcionada a uma patrulha conjunta envolvendo for\u00e7as americanas e s\u00edrias no centro da S\u00edria.<\/p>\n<p>Ele reafirmou o compromisso de erradicar o terrorismo em parceria com os s\u00edrios.<\/p>\n<\/div>\n<p>Em um post separado no X, o Ministro das Rela\u00e7\u00f5es Exteriores da S\u00edria, Asaad al-Shaibani, expressou a condena\u00e7\u00e3o da na\u00e7\u00e3o ao ataque e enviou condol\u00eancias \u00e0s fam\u00edlias das v\u00edtimas.<\/p>\n<p>Tom Barrack, o embaixador dos EUA na Turquia e enviado especial para a S\u00edria, condenou a &#8220;emboscada terrorista covarde&#8221; direcionada a uma patrulha conjunta envolvendo for\u00e7as americanas e s\u00edrias no centro da S\u00edria.<\/p>\n<p>Ele reafirmou o compromisso de erradicar o terrorismo em parceria com os s\u00edrios.<\/p>\n<div>\n<p>No m\u00eas passado, o presidente Ahmed al-Sharaa se reuniu com o presidente Trump na Casa Branca, referindo-se ao encontro como um passo em dire\u00e7\u00e3o a uma &#8220;nova era&#8221; nas rela\u00e7\u00f5es bilaterais.<\/p>\n<p>A S\u00edria recentemente se juntou a uma coaliz\u00e3o internacional focada no combate ao ISIS e se comprometeu a cooperar com os EUA nesse esfor\u00e7o.<\/p>\n<p>A coaliz\u00e3o global visa eliminar as fac\u00e7\u00f5es restantes do Estado Isl\u00e2mico e impedir a entrada de militantes estrangeiros no Oriente M\u00e9dio.<\/p>\n<\/div>\n<p>No m\u00eas passado, o presidente Ahmed al-Sharaa se reuniu com o presidente Trump na Casa Branca, referindo-se ao encontro como um passo em dire\u00e7\u00e3o a uma &#8220;nova era&#8221; nas rela\u00e7\u00f5es bilaterais.<\/p>\n<p>A S\u00edria recentemente se juntou a uma coaliz\u00e3o internacional focada no combate ao ISIS e se comprometeu a cooperar com os EUA nesse esfor\u00e7o.<\/p>\n<p>A coaliz\u00e3o global visa eliminar as fac\u00e7\u00f5es restantes do Estado Isl\u00e2mico e impedir a entrada de militantes estrangeiros no Oriente M\u00e9dio.<\/p>\n<div>\n<p>Em 2019, uma alian\u00e7a de combatentes s\u00edrios apoiados pelos EUA declarou a derrota do ISIS em seu \u00faltimo reduto territorial na S\u00edria, embora o grupo tenha continuado a realizar ataques espor\u00e1dicos desde ent\u00e3o.<\/p>\n<p>A Organiza\u00e7\u00e3o das Na\u00e7\u00f5es Unidas estima que o ISIS ainda abriga entre<strong>5.000<\/strong>e<strong>7.000<\/strong>combatentes na S\u00edria e no Iraque.<\/p>\n<p>Desde 2015, as for\u00e7as armadas dos EUA t\u00eam permanecido na S\u00edria para ajudar no treinamento das for\u00e7as locais como parte da campanha mais ampla contra o ISIS.<\/p>\n<\/div>\n<p>Em 2019, uma alian\u00e7a de combatentes s\u00edrios apoiados pelos EUA declarou a derrota do ISIS em seu \u00faltimo reduto territorial na S\u00edria, embora o grupo tenha continuado a realizar ataques espor\u00e1dicos desde ent\u00e3o.<\/p>\n<p>A Organiza\u00e7\u00e3o das Na\u00e7\u00f5es Unidas estima que o ISIS ainda abriga entre<strong>5.000<\/strong>e<strong>7.000<\/strong>combatentes na S\u00edria e no Iraque.<\/p>\n<p>Desde 2015, as for\u00e7as armadas dos EUA t\u00eam permanecido na S\u00edria para ajudar no treinamento das for\u00e7as locais como parte da campanha mais ampla contra o ISIS.<\/p>\n<\/div>\n<p><\/body><\/p>\n","protected":false},"excerpt":{"rendered":"<p>Em um incidente tr\u00e1gico na S\u00edria, um atirador vinculado ao Estado Isl\u00e2mico (ISIS) ceifou a vida de dois soldados americanos e um int\u00e9rprete civil, conforme informa\u00e7\u00f5es divulgadas pelo Comando Central dos EUA. Al\u00e9m disso, tr\u00eas outros militares ficaram feridos durante a emboscada, que foi supostamente seguida de uma resposta que resultou na morte do agressor. [&hellip;]<\/p>\n","protected":false},"author":23,"featured_media":166538,"comment_status":"open","ping_status":"open","sticky":false,"template":"","format":"standard","meta":{"_acf_changed":false,"inline_featured_image":false,"footnotes":""},"categories":[544],"tags":[],"class_list":["post-166543","post","type-post","status-publish","format-standard","has-post-thumbnail","hentry","category-world-news"],"acf":[],"_links":{"self":[{"href":"https:\/\/pointer-news.com\/pt-br\/wp-json\/wp\/v2\/posts\/166543","targetHints":{"allow":["GET"]}}],"collection":[{"href":"https:\/\/pointer-news.com\/pt-br\/wp-json\/wp\/v2\/posts"}],"about":[{"href":"https:\/\/pointer-news.com\/pt-br\/wp-json\/wp\/v2\/types\/post"}],"author":[{"embeddable":true,"href":"https:\/\/pointer-news.com\/pt-br\/wp-json\/wp\/v2\/users\/23"}],"replies":[{"embeddable":true,"href":"https:\/\/pointer-news.com\/pt-br\/wp-json\/wp\/v2\/comments?post=166543"}],"version-history":[{"count":1,"href":"https:\/\/pointer-news.com\/pt-br\/wp-json\/wp\/v2\/posts\/166543\/revisions"}],"predecessor-version":[{"id":166546,"href":"https:\/\/pointer-news.com\/pt-br\/wp-json\/wp\/v2\/posts\/166543\/revisions\/166546"}],"wp:featuredmedia":[{"embeddable":true,"href":"https:\/\/pointer-news.com\/pt-br\/wp-json\/wp\/v2\/media\/166538"}],"wp:attachment":[{"href":"https:\/\/pointer-news.com\/pt-br\/wp-json\/wp\/v2\/media?parent=166543"}],"wp:term":[{"taxonomy":"category","embeddable":true,"href":"https:\/\/pointer-news.com\/pt-br\/wp-json\/wp\/v2\/categories?post=166543"},{"taxonomy":"post_tag","embeddable":true,"href":"https:\/\/pointer-news.com\/pt-br\/wp-json\/wp\/v2\/tags?post=166543"}],"curies":[{"name":"wp","href":"https:\/\/api.w.org\/{rel}","templated":true}]}}