{"id":166994,"date":"2025-12-15T08:01:10","date_gmt":"2025-12-15T06:01:10","guid":{"rendered":"https:\/\/pointer-news.com\/?p=166994"},"modified":"2025-12-15T08:01:55","modified_gmt":"2025-12-15T06:01:55","slug":"cinco-detidos-na-alemanha-por-suposto-plano-de-ataque-a-mercado-de-natal","status":"publish","type":"post","link":"https:\/\/pointer-news.com\/pt-br\/cinco-detidos-na-alemanha-por-suposto-plano-de-ataque-a-mercado-de-natal\/","title":{"rendered":"Cinco Detidos na Alemanha por Suposto Plano de Ataque a Mercado de Natal"},"content":{"rendered":"<p><body><\/p>\n<div class=\"article-content\">\n<div>\n<p>Em um desenvolvimento alarmante, as autoridades alem\u00e3s prenderam cinco pessoas, suspeitas de planejarem um ataque a um mercado de Natal utilizando um ve\u00edculo para ferir ou matar frequentadores.<\/p>\n<p>As deten\u00e7\u00f5es, realizadas na sexta-feira, inclu\u00edram tr\u00eas cidad\u00e3os marroquinos, um eg\u00edpcio e um s\u00edrio, todos acreditando-se que tramaram contra um mercado situado na regi\u00e3o sul da Baviera. Funcion\u00e1rios suspeitam que o motivo por tr\u00e1s do plano pode estar associado a ideologias extremistas.<\/p>\n<p>De acordo com os promotores, o eg\u00edpcio de 56 anos \u00e9 acusado de incitar um ataque com ve\u00edculo visando maximizar o n\u00famero de v\u00edtimas. Os tr\u00eas suspeitos marroquinos, com idades de 30, 28 e 22 anos, s\u00e3o acusados de conspirar para cometer homic\u00eddio, enquanto o s\u00edrio de 37 anos \u00e9 imputado por encorajar os outros em suas inten\u00e7\u00f5es criminosas.<\/p>\n<\/div>\n<div>\n<p>As autoridades n\u00e3o revelaram a data exata do ataque pretendido nem o mercado espec\u00edfico que seria o alvo, mas indicaram que provavelmente estava localizado na \u00e1rea de Dingolfing-Landau, ao nordeste de Munique. Este incidente ocorre em um contexto de medidas de seguran\u00e7a refor\u00e7adas na Alemanha, especialmente ap\u00f3s o tr\u00e1gico ataque em Berlim em 2016, que resultou em 12 mortes.<\/p>\n<p>O Ministro do Interior alem\u00e3o, Joachim Herrmann, comentou sobre a colabora\u00e7\u00e3o eficaz entre os servi\u00e7os de seguran\u00e7a, a qual ele creditou por evitar o que poderia ter sido um s\u00e9rio incidente relacionado ao islamismo. Os cinco detidos foram apresentados a um magistrado no s\u00e1bado e atualmente est\u00e3o sob cust\u00f3dia.<\/p>\n<\/div>\n<div>\n<p>Os mercados de Natal s\u00e3o uma tradi\u00e7\u00e3o muito apreciada na Alemanha, atraindo grandes multid\u00f5es e turismo durante a temporada festiva. Em vista de ataques anteriores, os protocolos de seguran\u00e7a em tais eventos foram refor\u00e7ados para garantir a seguran\u00e7a p\u00fablica.<\/p>\n<\/div>\n<\/div>\n<p><\/body><\/p>\n","protected":false},"excerpt":{"rendered":"<p>Em um desenvolvimento alarmante, as autoridades alem\u00e3s prenderam cinco pessoas, suspeitas de planejarem um ataque a um mercado de Natal utilizando um ve\u00edculo para ferir ou matar frequentadores. As deten\u00e7\u00f5es, realizadas na sexta-feira, inclu\u00edram tr\u00eas cidad\u00e3os marroquinos, um eg\u00edpcio e um s\u00edrio, todos acreditando-se que tramaram contra um mercado situado na regi\u00e3o sul da Baviera. [&hellip;]<\/p>\n","protected":false},"author":23,"featured_media":166967,"comment_status":"open","ping_status":"open","sticky":false,"template":"","format":"standard","meta":{"_acf_changed":false,"inline_featured_image":false,"footnotes":""},"categories":[544],"tags":[],"class_list":["post-166994","post","type-post","status-publish","format-standard","has-post-thumbnail","hentry","category-world-news"],"acf":[],"_links":{"self":[{"href":"https:\/\/pointer-news.com\/pt-br\/wp-json\/wp\/v2\/posts\/166994","targetHints":{"allow":["GET"]}}],"collection":[{"href":"https:\/\/pointer-news.com\/pt-br\/wp-json\/wp\/v2\/posts"}],"about":[{"href":"https:\/\/pointer-news.com\/pt-br\/wp-json\/wp\/v2\/types\/post"}],"author":[{"embeddable":true,"href":"https:\/\/pointer-news.com\/pt-br\/wp-json\/wp\/v2\/users\/23"}],"replies":[{"embeddable":true,"href":"https:\/\/pointer-news.com\/pt-br\/wp-json\/wp\/v2\/comments?post=166994"}],"version-history":[{"count":1,"href":"https:\/\/pointer-news.com\/pt-br\/wp-json\/wp\/v2\/posts\/166994\/revisions"}],"predecessor-version":[{"id":166999,"href":"https:\/\/pointer-news.com\/pt-br\/wp-json\/wp\/v2\/posts\/166994\/revisions\/166999"}],"wp:featuredmedia":[{"embeddable":true,"href":"https:\/\/pointer-news.com\/pt-br\/wp-json\/wp\/v2\/media\/166967"}],"wp:attachment":[{"href":"https:\/\/pointer-news.com\/pt-br\/wp-json\/wp\/v2\/media?parent=166994"}],"wp:term":[{"taxonomy":"category","embeddable":true,"href":"https:\/\/pointer-news.com\/pt-br\/wp-json\/wp\/v2\/categories?post=166994"},{"taxonomy":"post_tag","embeddable":true,"href":"https:\/\/pointer-news.com\/pt-br\/wp-json\/wp\/v2\/tags?post=166994"}],"curies":[{"name":"wp","href":"https:\/\/api.w.org\/{rel}","templated":true}]}}