{"id":167000,"date":"2025-12-15T08:01:16","date_gmt":"2025-12-15T06:01:16","guid":{"rendered":"https:\/\/pointer-news.com\/?p=167000"},"modified":"2025-12-15T08:02:10","modified_gmt":"2025-12-15T06:02:10","slug":"cinco-individuos-detidos-por-suposto-plano-de-ataque-a-mercado-de-natal-na-alemanha","status":"publish","type":"post","link":"https:\/\/pointer-news.com\/pt-br\/cinco-individuos-detidos-por-suposto-plano-de-ataque-a-mercado-de-natal-na-alemanha\/","title":{"rendered":"Cinco indiv\u00edduos detidos por suposto plano de ataque a mercado de Natal na Alemanha"},"content":{"rendered":"<p><body><\/p>\n<div class=\"article-content\">\n<div>\n<p>As autoridades alem\u00e3s prenderam cinco homens ap\u00f3s suspeitas de que planejavam atropelar frequentadores de um mercado de Natal. Entre os detidos est\u00e3o tr\u00eas cidad\u00e3os marroquinos, um eg\u00edpcio e um s\u00edrio, todos capturados na sexta-feira durante a investiga\u00e7\u00e3o sobre este alarmante esquema.<\/p>\n<p>Os oficiais afirmaram acreditar que os suspeitos tinham uma<strong>motiva\u00e7\u00e3o islamista<\/strong>para suas a\u00e7\u00f5es pretendidas. Os promotores alegaram que o eg\u00edpcio de 56 anos havia convocado um ataque com um ve\u00edculo, visando causar danos ao maior n\u00famero poss\u00edvel de pessoas.<\/p>\n<p>Os suspeitos marroquinos, com idades de 30, 28 e 22 anos, s\u00e3o vistos como c\u00famplices dispostos a participar do ataque. Por sua vez, o s\u00edrio de 37 anos \u00e9 acusado de incitar o grupo a seguir com suas inten\u00e7\u00f5es violentas. Todos os cinco homens foram apresentados a um juiz no s\u00e1bado e permanecem sob cust\u00f3dia.<\/p>\n<\/div>\n<div>\n<h2>Aumento das preocupa\u00e7\u00f5es de seguran\u00e7a<\/h2>\n<p>As autoridades expressaram uma vigil\u00e2ncia intensificada na Alemanha, especialmente ap\u00f3s ataques anteriores em mercados de Natal, incluindo um tr\u00e1gico incidente em Magdeburg no \u00faltimo dezembro, que resultou em seis mortes. Embora os oficiais n\u00e3o tenham revelado o momento exato do ataque planejado ou o mercado espec\u00edfico alvo, sugeriram que provavelmente tinha como foco uma localiza\u00e7\u00e3o na regi\u00e3o de Dingolfing-Landau, situada ao nordeste de Munique.<\/p>\n<p>Joachim Herrmann, o ministro do interior da Baviera, destacou a colabora\u00e7\u00e3o eficaz entre as ag\u00eancias de seguran\u00e7a que ajudaram a evitar o que poderia ter sido um ataque s\u00e9rio relacionado ao islamismo. Relat\u00f3rios indicam que o suspeito eg\u00edpcio atuava como im\u00e3 em uma mesquita local.<\/p>\n<\/div>\n<h2>Aumento das preocupa\u00e7\u00f5es de seguran\u00e7a<\/h2>\n<div>\n<h3>Medidas de seguran\u00e7a refor\u00e7adas<\/h3>\n<p>Os mercados de Natal, muito apreciados por sua atmosfera festiva, atraem grandes multid\u00f5es e um turismo significativo por toda a Alemanha. Nos \u00faltimos anos, os protocolos de seguran\u00e7a nesses eventos foram refor\u00e7ados, especialmente ap\u00f3s o ataque em Berlim em 2016, quando um caminh\u00e3o foi conduzido a um mercado, resultando na morte de doze pessoas.<\/p>\n<\/div>\n<h3>Medidas de seguran\u00e7a refor\u00e7adas<\/h3>\n<\/div>\n<p><\/body><\/p>\n","protected":false},"excerpt":{"rendered":"<p>As autoridades alem\u00e3s prenderam cinco homens ap\u00f3s suspeitas de que planejavam atropelar frequentadores de um mercado de Natal. Entre os detidos est\u00e3o tr\u00eas cidad\u00e3os marroquinos, um eg\u00edpcio e um s\u00edrio, todos capturados na sexta-feira durante a investiga\u00e7\u00e3o sobre este alarmante esquema. Os oficiais afirmaram acreditar que os suspeitos tinham umamotiva\u00e7\u00e3o islamistapara suas a\u00e7\u00f5es pretendidas. Os [&hellip;]<\/p>\n","protected":false},"author":23,"featured_media":166966,"comment_status":"open","ping_status":"open","sticky":false,"template":"","format":"standard","meta":{"_acf_changed":false,"inline_featured_image":false,"footnotes":""},"categories":[544],"tags":[],"class_list":["post-167000","post","type-post","status-publish","format-standard","has-post-thumbnail","hentry","category-world-news"],"acf":[],"_links":{"self":[{"href":"https:\/\/pointer-news.com\/pt-br\/wp-json\/wp\/v2\/posts\/167000","targetHints":{"allow":["GET"]}}],"collection":[{"href":"https:\/\/pointer-news.com\/pt-br\/wp-json\/wp\/v2\/posts"}],"about":[{"href":"https:\/\/pointer-news.com\/pt-br\/wp-json\/wp\/v2\/types\/post"}],"author":[{"embeddable":true,"href":"https:\/\/pointer-news.com\/pt-br\/wp-json\/wp\/v2\/users\/23"}],"replies":[{"embeddable":true,"href":"https:\/\/pointer-news.com\/pt-br\/wp-json\/wp\/v2\/comments?post=167000"}],"version-history":[{"count":1,"href":"https:\/\/pointer-news.com\/pt-br\/wp-json\/wp\/v2\/posts\/167000\/revisions"}],"predecessor-version":[{"id":167011,"href":"https:\/\/pointer-news.com\/pt-br\/wp-json\/wp\/v2\/posts\/167000\/revisions\/167011"}],"wp:featuredmedia":[{"embeddable":true,"href":"https:\/\/pointer-news.com\/pt-br\/wp-json\/wp\/v2\/media\/166966"}],"wp:attachment":[{"href":"https:\/\/pointer-news.com\/pt-br\/wp-json\/wp\/v2\/media?parent=167000"}],"wp:term":[{"taxonomy":"category","embeddable":true,"href":"https:\/\/pointer-news.com\/pt-br\/wp-json\/wp\/v2\/categories?post=167000"},{"taxonomy":"post_tag","embeddable":true,"href":"https:\/\/pointer-news.com\/pt-br\/wp-json\/wp\/v2\/tags?post=167000"}],"curies":[{"name":"wp","href":"https:\/\/api.w.org\/{rel}","templated":true}]}}