{"id":167021,"date":"2025-12-15T08:01:59","date_gmt":"2025-12-15T06:01:59","guid":{"rendered":"https:\/\/pointer-news.com\/?p=167021"},"modified":"2025-12-15T08:02:35","modified_gmt":"2025-12-15T06:02:35","slug":"cinco-individuos-detidos-na-alemanha-por-suposto-plano-de-ataque-a-mercado-de-natal","status":"publish","type":"post","link":"https:\/\/pointer-news.com\/pt-br\/cinco-individuos-detidos-na-alemanha-por-suposto-plano-de-ataque-a-mercado-de-natal\/","title":{"rendered":"Cinco indiv\u00edduos detidos na Alemanha por suposto plano de ataque a mercado de Natal"},"content":{"rendered":"<p><body><\/p>\n<div class=\"article-content\">\n<div>\n<p>As autoridades alem\u00e3s prenderam cinco homens suspeitos de planejar um ataque com ve\u00edculo a um mercado de Natal. As deten\u00e7\u00f5es ocorreram na sexta-feira e envolveram tr\u00eas cidad\u00e3os marroquinos, um eg\u00edpcio e um s\u00edrio, todos acreditando-se que tinham a inten\u00e7\u00e3o de atacar um mercado na regi\u00e3o sul da Baviera.<\/p>\n<p>Funcion\u00e1rios indicaram que os suspeitos podem ter sido motivados por um &#8220;motivo islamista.&#8221; De acordo com os promotores, o eg\u00edpcio, de 56 anos, supostamente defendia um ataque com ve\u00edculo destinado a causar o m\u00e1ximo de v\u00edtimas poss\u00edveis.<\/p>\n<p>Os tr\u00eas homens marroquinos, com idades de 30, 28 e 22 anos, s\u00e3o acusados de conspirar para cometer assassinato, enquanto o s\u00edrio de 37 anos \u00e9 acusado de ter incentivado seus planos, complicando ainda mais o caso. Os indiv\u00edduos detidos foram apresentados a um juiz no s\u00e1bado e atualmente se encontram sob cust\u00f3dia.<\/p>\n<\/div>\n<p>As autoridades alem\u00e3s prenderam cinco homens suspeitos de planejar um ataque com ve\u00edculo a um mercado de Natal. As deten\u00e7\u00f5es ocorreram na sexta-feira e envolveram tr\u00eas cidad\u00e3os marroquinos, um eg\u00edpcio e um s\u00edrio, todos acreditando-se que tinham a inten\u00e7\u00e3o de atacar um mercado na regi\u00e3o sul da Baviera.<\/p>\n<p>Funcion\u00e1rios indicaram que os suspeitos podem ter sido motivados por um &#8220;motivo islamista.&#8221; De acordo com os promotores, o eg\u00edpcio, de 56 anos, supostamente defendia um ataque com ve\u00edculo destinado a causar o m\u00e1ximo de v\u00edtimas poss\u00edveis.<\/p>\n<p>Os tr\u00eas homens marroquinos, com idades de 30, 28 e 22 anos, s\u00e3o acusados de conspirar para cometer assassinato, enquanto o s\u00edrio de 37 anos \u00e9 acusado de ter incentivado seus planos, complicando ainda mais o caso. Os indiv\u00edduos detidos foram apresentados a um juiz no s\u00e1bado e atualmente se encontram sob cust\u00f3dia.<\/p>\n<div>\n<h2>Aumento das Medidas de Seguran\u00e7a<\/h2>\n<p>As ag\u00eancias de seguran\u00e7a da Alemanha est\u00e3o em alerta m\u00e1ximo ap\u00f3s incidentes anteriores em mercados de Natal, notadamente o tr\u00e1gico ataque em Magdeburgo no m\u00eas passado, que resultou em seis mortes. Contudo, as autoridades n\u00e3o revelaram a data planejada para o ataque ou o mercado espec\u00edfico que foi o alvo, embora suspeitem que fosse na \u00e1rea de Dingolfing-Landau, localizada a nordeste de Munique.<\/p>\n<p>Joachim Herrmann, ministro do interior da Baviera, elogiou a coordena\u00e7\u00e3o eficaz entre os servi\u00e7os de seguran\u00e7a que, potencialmente, evitaram o que poderia ter sido um ataque devastador de inspira\u00e7\u00e3o islamista. O suspeito eg\u00edpcio \u00e9 informado como sendo um im\u00e3 vinculado a uma mesquita local, adicionando mais uma camada \u00e0 investiga\u00e7\u00e3o.<\/p>\n<\/div>\n<h2>Aumento das Medidas de Seguran\u00e7a<\/h2>\n<p>As ag\u00eancias de seguran\u00e7a da Alemanha est\u00e3o em alerta m\u00e1ximo ap\u00f3s incidentes anteriores em mercados de Natal, notadamente o tr\u00e1gico ataque em Magdeburgo no m\u00eas passado, que resultou em seis mortes. Contudo, as autoridades n\u00e3o revelaram a data planejada para o ataque ou o mercado espec\u00edfico que foi o alvo, embora suspeitem que fosse na \u00e1rea de Dingolfing-Landau, localizada a nordeste de Munique.<\/p>\n<p>Joachim Herrmann, ministro do interior da Baviera, elogiou a coordena\u00e7\u00e3o eficaz entre os servi\u00e7os de seguran\u00e7a que, potencialmente, evitaram o que poderia ter sido um ataque devastador de inspira\u00e7\u00e3o islamista. O suspeito eg\u00edpcio \u00e9 informado como sendo um im\u00e3 vinculado a uma mesquita local, adicionando mais uma camada \u00e0 investiga\u00e7\u00e3o.<\/p>\n<div>\n<h3>Mercados de Natal: Um Alvo para Ataques<\/h3>\n<p>Os mercados de Natal s\u00e3o uma tradi\u00e7\u00e3o apreciada na Alemanha, atraindo grandes multid\u00f5es e turismo durante a temporada de festas. Em decorr\u00eancia de ataques passados, as medidas de seguran\u00e7a foram intensificadas nesses encontros festivos, especialmente ap\u00f3s o ataque em Berlim em 2016, onde um caminh\u00e3o foi dirigido contra um mercado, resultando em 12 mortes.<\/p>\n<\/div>\n<h3>Mercados de Natal: Um Alvo para Ataques<\/h3>\n<p>Os mercados de Natal s\u00e3o uma tradi\u00e7\u00e3o apreciada na Alemanha, atraindo grandes multid\u00f5es e turismo durante a temporada de festas. Em decorr\u00eancia de ataques passados, as medidas de seguran\u00e7a foram intensificadas nesses encontros festivos, especialmente ap\u00f3s o ataque em Berlim em 2016, onde um caminh\u00e3o foi dirigido contra um mercado, resultando em 12 mortes.<\/p>\n<\/div>\n<p><\/body><\/p>\n","protected":false},"excerpt":{"rendered":"<p>As autoridades alem\u00e3s prenderam cinco homens suspeitos de planejar um ataque com ve\u00edculo a um mercado de Natal. As deten\u00e7\u00f5es ocorreram na sexta-feira e envolveram tr\u00eas cidad\u00e3os marroquinos, um eg\u00edpcio e um s\u00edrio, todos acreditando-se que tinham a inten\u00e7\u00e3o de atacar um mercado na regi\u00e3o sul da Baviera. Funcion\u00e1rios indicaram que os suspeitos podem ter [&hellip;]<\/p>\n","protected":false},"author":23,"featured_media":166972,"comment_status":"open","ping_status":"open","sticky":false,"template":"","format":"standard","meta":{"_acf_changed":false,"inline_featured_image":false,"footnotes":""},"categories":[544],"tags":[],"class_list":["post-167021","post","type-post","status-publish","format-standard","has-post-thumbnail","hentry","category-world-news"],"acf":[],"_links":{"self":[{"href":"https:\/\/pointer-news.com\/pt-br\/wp-json\/wp\/v2\/posts\/167021","targetHints":{"allow":["GET"]}}],"collection":[{"href":"https:\/\/pointer-news.com\/pt-br\/wp-json\/wp\/v2\/posts"}],"about":[{"href":"https:\/\/pointer-news.com\/pt-br\/wp-json\/wp\/v2\/types\/post"}],"author":[{"embeddable":true,"href":"https:\/\/pointer-news.com\/pt-br\/wp-json\/wp\/v2\/users\/23"}],"replies":[{"embeddable":true,"href":"https:\/\/pointer-news.com\/pt-br\/wp-json\/wp\/v2\/comments?post=167021"}],"version-history":[{"count":1,"href":"https:\/\/pointer-news.com\/pt-br\/wp-json\/wp\/v2\/posts\/167021\/revisions"}],"predecessor-version":[{"id":167024,"href":"https:\/\/pointer-news.com\/pt-br\/wp-json\/wp\/v2\/posts\/167021\/revisions\/167024"}],"wp:featuredmedia":[{"embeddable":true,"href":"https:\/\/pointer-news.com\/pt-br\/wp-json\/wp\/v2\/media\/166972"}],"wp:attachment":[{"href":"https:\/\/pointer-news.com\/pt-br\/wp-json\/wp\/v2\/media?parent=167021"}],"wp:term":[{"taxonomy":"category","embeddable":true,"href":"https:\/\/pointer-news.com\/pt-br\/wp-json\/wp\/v2\/categories?post=167021"},{"taxonomy":"post_tag","embeddable":true,"href":"https:\/\/pointer-news.com\/pt-br\/wp-json\/wp\/v2\/tags?post=167021"}],"curies":[{"name":"wp","href":"https:\/\/api.w.org\/{rel}","templated":true}]}}