{"id":167030,"date":"2025-12-15T08:03:11","date_gmt":"2025-12-15T06:03:11","guid":{"rendered":"https:\/\/pointer-news.com\/?p=167030"},"modified":"2025-12-15T08:03:29","modified_gmt":"2025-12-15T06:03:29","slug":"ataque-aereo-israelense-mata-lider-senior-do-hamas-em-gaza","status":"publish","type":"post","link":"https:\/\/pointer-news.com\/pt-br\/ataque-aereo-israelense-mata-lider-senior-do-hamas-em-gaza\/","title":{"rendered":"Ataque A\u00e9reo Israelense Mata L\u00edder S\u00eanior do Hamas em Gaza"},"content":{"rendered":"<p><body><\/p>\n<div class=\"article-content\">\n<div>\n<p>No \u00faltimo s\u00e1bado, Israel anunciou a execu\u00e7\u00e3o bem-sucedida de uma opera\u00e7\u00e3o militar que visava um comandante de alto escal\u00e3o do Hamas, resultando em um ataque a\u00e9reo contra um ve\u00edculo em Gaza.<\/p>\n<p>As For\u00e7as de Defesa de Israel, em colabora\u00e7\u00e3o com o servi\u00e7o de seguran\u00e7a Shin Bet, confirmaram a morte de Raed Saad, que ocupava a fun\u00e7\u00e3o de chefe de fabrica\u00e7\u00e3o de armas da fac\u00e7\u00e3o armada do Hamas, as Brigadas Qassam, na Cidade de Gaza.<\/p>\n<p>Saad era reconhecido como uma figura central entre os comandantes das Brigadas Qassam, tendo desempenhado um papel significativo na coordena\u00e7\u00e3o dos ataques \u00e0s col\u00f4nias israelenses que ocorreram em 7 de outubro.<\/p>\n<\/div>\n<p>No \u00faltimo s\u00e1bado, Israel anunciou a execu\u00e7\u00e3o bem-sucedida de uma opera\u00e7\u00e3o militar que visava um comandante de alto escal\u00e3o do Hamas, resultando em um ataque a\u00e9reo contra um ve\u00edculo em Gaza.<\/p>\n<p>As For\u00e7as de Defesa de Israel, em colabora\u00e7\u00e3o com o servi\u00e7o de seguran\u00e7a Shin Bet, confirmaram a morte de Raed Saad, que ocupava a fun\u00e7\u00e3o de chefe de fabrica\u00e7\u00e3o de armas da fac\u00e7\u00e3o armada do Hamas, as Brigadas Qassam, na Cidade de Gaza.<\/p>\n<p>Saad era reconhecido como uma figura central entre os comandantes das Brigadas Qassam, tendo desempenhado um papel significativo na coordena\u00e7\u00e3o dos ataques \u00e0s col\u00f4nias israelenses que ocorreram em 7 de outubro.<\/p>\n<div>\n<p>De acordo com um porta-voz da Defesa Civil do Hamas, Mahmoud Basal, o ataque a\u00e9reo resultou na morte de quatro pessoas, enquanto v\u00e1rios transeuntes tamb\u00e9m ficaram feridos devido \u00e0 explos\u00e3o.<\/p>\n<p>Um representante local do Hamas indicou que, al\u00e9m de Saad, o ataque tamb\u00e9m vitimou seu assistente e um outro oficial j\u00fanior identificado como Abu Imad al-Laban.<\/p>\n<p>A verifica\u00e7\u00e3o independente dessas alega\u00e7\u00f5es \u00e9 invi\u00e1vel devido \u00e0s restri\u00e7\u00f5es impostas por Israel \u00e0 cobertura jornal\u00edstica em Gaza.<\/p>\n<\/div>\n<p>De acordo com um porta-voz da Defesa Civil do Hamas, Mahmoud Basal, o ataque a\u00e9reo resultou na morte de quatro pessoas, enquanto v\u00e1rios transeuntes tamb\u00e9m ficaram feridos devido \u00e0 explos\u00e3o.<\/p>\n<p>Um representante local do Hamas indicou que, al\u00e9m de Saad, o ataque tamb\u00e9m vitimou seu assistente e um outro oficial j\u00fanior identificado como Abu Imad al-Laban.<\/p>\n<p>A verifica\u00e7\u00e3o independente dessas alega\u00e7\u00f5es \u00e9 invi\u00e1vel devido \u00e0s restri\u00e7\u00f5es impostas por Israel \u00e0 cobertura jornal\u00edstica em Gaza.<\/p>\n<div>\n<p>A declara\u00e7\u00e3o emitida pelas IDF e ISA destacou que Saad estava associado a diversas fatalidades entre soldados na Faixa de Gaza, principalmente em decorr\u00eancia do uso de dispositivos explosivos.<\/p>\n<p>Acredita-se que ele fosse membro de um novo conselho militar de lideran\u00e7a formado por cinco integrantes ap\u00f3s o cessar-fogo iniciado em outubro.<\/p>\n<p>Israel j\u00e1 tentou diversas vezes eliminar Saad ao longo dos anos, incluindo uma opera\u00e7\u00e3o em mar\u00e7o de 2024, quando ele escapou por pouco da captura durante uma incurs\u00e3o surpresa na Cidade de Gaza.<\/p>\n<\/div>\n<p>A declara\u00e7\u00e3o emitida pelas IDF e ISA destacou que Saad estava associado a diversas fatalidades entre soldados na Faixa de Gaza, principalmente em decorr\u00eancia do uso de dispositivos explosivos.<\/p>\n<p>Acredita-se que ele fosse membro de um novo conselho militar de lideran\u00e7a formado por cinco integrantes ap\u00f3s o cessar-fogo iniciado em outubro.<\/p>\n<p>Israel j\u00e1 tentou diversas vezes eliminar Saad ao longo dos anos, incluindo uma opera\u00e7\u00e3o em mar\u00e7o de 2024, quando ele escapou por pouco da captura durante uma incurs\u00e3o surpresa na Cidade de Gaza.<\/p>\n<div>\n<p>Por mais de duas d\u00e9cadas, ele tem figurado constantemente entre os membros mais procurados do Hamas por Israel.<\/p>\n<p>O recente ataque ocorreu na \u00e1rea administrada pela Palestina ao longo da conturbada Linha Amarela, que separa Gaza desde que um cessar-fogo inst\u00e1vel foi negociado em 10 de outubro.<\/p>\n<p>As for\u00e7as israelenses mant\u00eam controle sobre a regi\u00e3o a leste dessa linha, que compreende um pouco mais da metade da Faixa de Gaza.<\/p>\n<\/div>\n<p>Por mais de duas d\u00e9cadas, ele tem figurado constantemente entre os membros mais procurados do Hamas por Israel.<\/p>\n<p>O recente ataque ocorreu na \u00e1rea administrada pela Palestina ao longo da conturbada Linha Amarela, que separa Gaza desde que um cessar-fogo inst\u00e1vel foi negociado em 10 de outubro.<\/p>\n<p>As for\u00e7as israelenses mant\u00eam controle sobre a regi\u00e3o a leste dessa linha, que compreende um pouco mais da metade da Faixa de Gaza.<\/p>\n<div>\n<p>A fase inicial do plano de paz de 20 pontos proposto pelo ex-presidente dos EUA Donald Trump exigia a devolu\u00e7\u00e3o de todos os ref\u00e9ns vivos e mortos capturados durante o ataque liderado pelo Hamas no sul de Israel em 7 de outubro de 2023.<\/p>\n<p>Durante esse ataque, aproximadamente 1.200 pessoas perderam a vida, e mais de 250 foram sequestradas, com todas as v\u00edtimas, exceto os restos mortais do policial israelense Ran Gvili, de 24 anos, sendo devolvidas; acredita-se que Gvili tenha morrido ao confrontar os atiradores do Hamas em Kibbutz Alumim.<\/p>\n<p>Desde ent\u00e3o, relat\u00f3rios do minist\u00e9rio da sa\u00fade controlado pelo Hamas em Gaza indicam que as a\u00e7\u00f5es militares israelenses resultaram na morte de mais de 70.000 palestinos.<\/p>\n<\/div>\n<p>A fase inicial do plano de paz de 20 pontos proposto pelo ex-presidente dos EUA Donald Trump exigia a devolu\u00e7\u00e3o de todos os ref\u00e9ns vivos e mortos capturados durante o ataque liderado pelo Hamas no sul de Israel em 7 de outubro de 2023.<\/p>\n<p>Durante esse ataque, aproximadamente 1.200 pessoas perderam a vida, e mais de 250 foram sequestradas, com todas as v\u00edtimas, exceto os restos mortais do policial israelense Ran Gvili, de 24 anos, sendo devolvidas; acredita-se que Gvili tenha morrido ao confrontar os atiradores do Hamas em Kibbutz Alumim.<\/p>\n<p>Desde ent\u00e3o, relat\u00f3rios do minist\u00e9rio da sa\u00fade controlado pelo Hamas em Gaza indicam que as a\u00e7\u00f5es militares israelenses resultaram na morte de mais de 70.000 palestinos.<\/p>\n<div>\n<p>O di\u00e1logo diplom\u00e1tico em evolu\u00e7\u00e3o est\u00e1 agora focado na pr\u00f3xima fase da estrat\u00e9gia do presidente Trump, que visa o desarmamento do Hamas como parte de uma iniciativa mais ampla de desradicaliza\u00e7\u00e3o e reconstru\u00e7\u00e3o em Gaza.<\/p>\n<p>Esta etapa prev\u00ea a governan\u00e7a em Gaza por um comit\u00ea palestino tempor\u00e1rio e n\u00e3o partid\u00e1rio, supervisionado por uma \u201cJunta de Paz\u201d, que seria presidida por Trump.<\/p>\n<p>Os arranjos de seguran\u00e7a devem ser geridos por uma For\u00e7a Internacional de Estabiliza\u00e7\u00e3o, embora sua composi\u00e7\u00e3o ainda permane\u00e7a incerta.<\/p>\n<\/div>\n<p>O di\u00e1logo diplom\u00e1tico em evolu\u00e7\u00e3o est\u00e1 agora focado na pr\u00f3xima fase da estrat\u00e9gia do presidente Trump, que visa o desarmamento do Hamas como parte de uma iniciativa mais ampla de desradicaliza\u00e7\u00e3o e reconstru\u00e7\u00e3o em Gaza.<\/p>\n<p>Esta etapa prev\u00ea a governan\u00e7a em Gaza por um comit\u00ea palestino tempor\u00e1rio e n\u00e3o partid\u00e1rio, supervisionado por uma \u201cJunta de Paz\u201d, que seria presidida por Trump.<\/p>\n<p>Os arranjos de seguran\u00e7a devem ser geridos por uma For\u00e7a Internacional de Estabiliza\u00e7\u00e3o, embora sua composi\u00e7\u00e3o ainda permane\u00e7a incerta.<\/p>\n<div>\n<p>O objetivo final \u00e9 que uma Autoridade Palestina reformada governe a regi\u00e3o, levando \u00e0 retirada das for\u00e7as israelenses e criando condi\u00e7\u00f5es prop\u00edcias para a autodetermina\u00e7\u00e3o e a forma\u00e7\u00e3o de um estado palestino.<\/p>\n<p>No entanto, muitos aspectos desse plano s\u00e3o controversos dentro de Israel, com o primeiro-ministro Benjamin Netanyahu se opondo consistentemente \u00e0 cria\u00e7\u00e3o de um estado palestino.<\/p>\n<p>Trump est\u00e1 programado para se encontrar com Netanyahu nos EUA no dia 29 de dezembro para discutir mais detalhadamente o plano.<\/p>\n<\/div>\n<p>O objetivo final \u00e9 que uma Autoridade Palestina reformada governe a regi\u00e3o, levando \u00e0 retirada das for\u00e7as israelenses e criando condi\u00e7\u00f5es prop\u00edcias para a autodetermina\u00e7\u00e3o e a forma\u00e7\u00e3o de um estado palestino.<\/p>\n<p>No entanto, muitos aspectos desse plano s\u00e3o controversos dentro de Israel, com o primeiro-ministro Benjamin Netanyahu se opondo consistentemente \u00e0 cria\u00e7\u00e3o de um estado palestino.<\/p>\n<p>Trump est\u00e1 programado para se encontrar com Netanyahu nos EUA no dia 29 de dezembro para discutir mais detalhadamente o plano.<\/p>\n<\/div>\n<p><\/body><\/p>\n","protected":false},"excerpt":{"rendered":"<p>No \u00faltimo s\u00e1bado, Israel anunciou a execu\u00e7\u00e3o bem-sucedida de uma opera\u00e7\u00e3o militar que visava um comandante de alto escal\u00e3o do Hamas, resultando em um ataque a\u00e9reo contra um ve\u00edculo em Gaza. As For\u00e7as de Defesa de Israel, em colabora\u00e7\u00e3o com o servi\u00e7o de seguran\u00e7a Shin Bet, confirmaram a morte de Raed Saad, que ocupava a [&hellip;]<\/p>\n","protected":false},"author":23,"featured_media":166978,"comment_status":"open","ping_status":"open","sticky":false,"template":"","format":"standard","meta":{"_acf_changed":false,"inline_featured_image":false,"footnotes":""},"categories":[544],"tags":[],"class_list":["post-167030","post","type-post","status-publish","format-standard","has-post-thumbnail","hentry","category-world-news"],"acf":[],"_links":{"self":[{"href":"https:\/\/pointer-news.com\/pt-br\/wp-json\/wp\/v2\/posts\/167030","targetHints":{"allow":["GET"]}}],"collection":[{"href":"https:\/\/pointer-news.com\/pt-br\/wp-json\/wp\/v2\/posts"}],"about":[{"href":"https:\/\/pointer-news.com\/pt-br\/wp-json\/wp\/v2\/types\/post"}],"author":[{"embeddable":true,"href":"https:\/\/pointer-news.com\/pt-br\/wp-json\/wp\/v2\/users\/23"}],"replies":[{"embeddable":true,"href":"https:\/\/pointer-news.com\/pt-br\/wp-json\/wp\/v2\/comments?post=167030"}],"version-history":[{"count":1,"href":"https:\/\/pointer-news.com\/pt-br\/wp-json\/wp\/v2\/posts\/167030\/revisions"}],"predecessor-version":[{"id":167033,"href":"https:\/\/pointer-news.com\/pt-br\/wp-json\/wp\/v2\/posts\/167030\/revisions\/167033"}],"wp:featuredmedia":[{"embeddable":true,"href":"https:\/\/pointer-news.com\/pt-br\/wp-json\/wp\/v2\/media\/166978"}],"wp:attachment":[{"href":"https:\/\/pointer-news.com\/pt-br\/wp-json\/wp\/v2\/media?parent=167030"}],"wp:term":[{"taxonomy":"category","embeddable":true,"href":"https:\/\/pointer-news.com\/pt-br\/wp-json\/wp\/v2\/categories?post=167030"},{"taxonomy":"post_tag","embeddable":true,"href":"https:\/\/pointer-news.com\/pt-br\/wp-json\/wp\/v2\/tags?post=167030"}],"curies":[{"name":"wp","href":"https:\/\/api.w.org\/{rel}","templated":true}]}}