{"id":167386,"date":"2025-12-15T19:03:03","date_gmt":"2025-12-15T17:03:03","guid":{"rendered":"https:\/\/pointer-news.com\/?p=167386"},"modified":"2025-12-15T19:03:34","modified_gmt":"2025-12-15T17:03:34","slug":"governo-se-aproxima-da-finalizacao-da-definicao-de-odio-anti-muculmano","status":"publish","type":"post","link":"https:\/\/pointer-news.com\/pt-br\/governo-se-aproxima-da-finalizacao-da-definicao-de-odio-anti-muculmano\/","title":{"rendered":"Governo Se Aproxima da Finaliza\u00e7\u00e3o da Defini\u00e7\u00e3o de \u00d3dio Anti-Mu\u00e7ulmano"},"content":{"rendered":"<p><body><\/p>\n<div class=\"article-content\">\n<div>\n<p>O governo est\u00e1 em fase de aprimoramento de uma defini\u00e7\u00e3o proposta para o \u00f3dio anti-mu\u00e7ulmano, destacando-se pela exclus\u00e3o do termo &#8220;Islamofobia&#8221;. Este rascunho foi elaborado pelo grupo de trabalho sobre Islamofobia\/O \u00f3dio anti-mu\u00e7ulmano, que apresentou sua reda\u00e7\u00e3o para consulta a diversos interessados.<\/p>\n<p>Defensores da liberdade de express\u00e3o levantaram preocupa\u00e7\u00f5es de que a inclus\u00e3o de prote\u00e7\u00f5es para &#8220;Islamofobia&#8221; poderia prejudicar a capacidade de criticar a pr\u00f3pria religi\u00e3o. Por outro lado, membros do grupo de trabalho afirmam que sua defini\u00e7\u00e3o protege indiv\u00edduos enquanto evita interven\u00e7\u00f5es excessivas.<\/p>\n<p>Formado em fevereiro, esse grupo de trabalho foi encarregado de elaborar uma defini\u00e7\u00e3o funcional de \u00f3dio anti-mu\u00e7ulmano\/Islamofobia. Sua proposta foi apresentada ao governo em outubro e se destina a ser n\u00e3o vinculativa, ou seja, n\u00e3o ter\u00e1 for\u00e7a legal, mas busca fornecer um quadro que entidades p\u00fablicas possam adotar.<\/p>\n<\/div>\n<div>\n<p>Essa defini\u00e7\u00e3o serve como diretriz para o governo e entidades relacionadas, ajudando-os a reconhecer e quantificar preconceitos e crimes de \u00f3dio direcionados a mu\u00e7ulmanos. O rascunho declara: &#8220;A hostilidade anti-mu\u00e7ulmana envolve a pr\u00e1tica ou promo\u00e7\u00e3o de atos criminosos, incluindo viol\u00eancia, vandalismo de propriedade e ass\u00e9dio \u2014 seja f\u00edsico, verbal, escrito ou digital \u2014 direcionados a mu\u00e7ulmanos ou a indiv\u00edduos percebidos como mu\u00e7ulmanos devido \u00e0 sua religi\u00e3o, etnia ou apar\u00eancia.&#8221;<\/p>\n<p>Adicionalmente, aborda o estere\u00f3tipo prejudicial e a racializa\u00e7\u00e3o dos mu\u00e7ulmanos como um coletivo, incitando \u00f3dio contra eles, independentemente de suas cren\u00e7as ou a\u00e7\u00f5es individuais. Tamb\u00e9m abrange pr\u00e1ticas discriminat\u00f3rias que prejudicam mu\u00e7ulmanos nos dom\u00ednios p\u00fablico e econ\u00f4mico.<\/p>\n<p>Recentemente, o grupo de trabalho se reuniu para discutir as revis\u00f5es propostas pelo Minist\u00e9rio da Habita\u00e7\u00e3o, Comunidades e Governo Local. Relat\u00f3rios sugerem que um ponto controverso \u00e9 a inclus\u00e3o do termo &#8220;racializa\u00e7\u00e3o&#8221; na defini\u00e7\u00e3o.<\/p>\n<\/div>\n<div>\n<p>A baronesa Gohir, membro do grupo, afirmou que sua submiss\u00e3o mant\u00e9m um equil\u00edbrio adequado protejendo indiv\u00edduos enquanto evita uma abrang\u00eancia excessiva. Ela enfatizou que mu\u00e7ulmanos s\u00e3o frequentemente alvo n\u00e3o apenas por suas cren\u00e7as, mas tamb\u00e9m por sua apar\u00eancia, ra\u00e7a e outras caracter\u00edsticas, com a inclus\u00e3o da racializa\u00e7\u00e3o reafirmando essas experi\u00eancias vividas.<\/p>\n<p>No entanto, a Uni\u00e3o pela Liberdade de Express\u00e3o expressa preocupa\u00e7\u00e3o de que qualquer defini\u00e7\u00e3o de \u00f3dio anti-mu\u00e7ulmano poderia infringir os direitos de liberdade de express\u00e3o, possivelmente introduzindo uma lei de blasf\u00eamia de fato. Lord Toby Young, diretor do grupo de campanha, argumentou que a defini\u00e7\u00e3o \u00e9 desnecess\u00e1ria, uma vez que as leis existentes j\u00e1 criminalizam a incita\u00e7\u00e3o ao \u00f3dio religioso e pro\u00edbem a discrimina\u00e7\u00e3o com base na religi\u00e3o.<\/p>\n<p>Ele alertou que conceder prote\u00e7\u00f5es adicionais aos mu\u00e7ulmanos, que n\u00e3o est\u00e3o dispon\u00edveis para outras cren\u00e7as, poderia inadvertidamente aumentar o sentimento anti-mu\u00e7ulmano em vez de diminu\u00ed-lo. Por outro lado, o ex-Procurador-Geral Dominic Grieve, que preside o grupo de trabalho, acredita firmemente que a reda\u00e7\u00e3o n\u00e3o infringir\u00e1 os direitos de liberdade de express\u00e3o.<\/p>\n<\/div>\n<div>\n<p>Grieve declarou: &#8220;A revis\u00e3o realizada pelo grupo de trabalho opera dentro de um quadro que garante que nenhuma defini\u00e7\u00e3o de \u00f3dio anti-mu\u00e7ulmano impactar\u00e1 negativamente a liberdade de express\u00e3o, incluindo o direito de criticar o Isl\u00e3 e suas pr\u00e1ticas. O grupo sempre manteve esse princ\u00edpio em mente ao aconselhar o governo.&#8221;<\/p>\n<p>Um representante do Minist\u00e9rio da Habita\u00e7\u00e3o, Comunidades e Governo Local se recusou a comentar sobre documentos vazados, mas observou o aumento de crimes de \u00f3dio, especialmente incidentes anti-mu\u00e7ulmanos, que atingiram n\u00edveis recordes.<\/p>\n<p>De acordo com estat\u00edsticas do Minist\u00e9rio do Interior, houve um aumento de 19% nos crimes de \u00f3dio religiosos contra mu\u00e7ulmanos no ano passado, com picos not\u00e1veis ap\u00f3s os assassinatos em Southport e os tumultos relacionados durante o ver\u00e3o.<\/p>\n<\/div>\n<div>\n<p>O Partido Trabalhista havia se comprometido anteriormente a estabelecer uma nova defini\u00e7\u00e3o de Islamofobia ap\u00f3s a \u00faltima administra\u00e7\u00e3o conservadora ter descartado uma iniciativa multipartid\u00e1ria em 2019. O Grupo Parlamentar de Todos os Partidos sobre Mu\u00e7ulmanos Brit\u00e2nicos havia caracterizado a Islamofobia como &#8220;enraizada no racismo&#8221; e como uma forma de racismo que visa express\u00f5es da identidade mu\u00e7ulmana.<\/p>\n<p>Cr\u00edticos alegaram que essa defini\u00e7\u00e3o anterior era excessivamente vaga, potencialmente sufocando a liberdade de express\u00e3o. A nova defini\u00e7\u00e3o em rascunho atualmente sob considera\u00e7\u00e3o apresenta uma diferen\u00e7a significativa em rela\u00e7\u00e3o \u00e0 proposta anterior adotada pelo Partido Trabalhista quando estava na oposi\u00e7\u00e3o em 2019.<\/p>\n<\/div>\n<\/div>\n<p><\/body><\/p>\n","protected":false},"excerpt":{"rendered":"<p>O governo est\u00e1 em fase de aprimoramento de uma defini\u00e7\u00e3o proposta para o \u00f3dio anti-mu\u00e7ulmano, destacando-se pela exclus\u00e3o do termo &#8220;Islamofobia&#8221;. Este rascunho foi elaborado pelo grupo de trabalho sobre Islamofobia\/O \u00f3dio anti-mu\u00e7ulmano, que apresentou sua reda\u00e7\u00e3o para consulta a diversos interessados. Defensores da liberdade de express\u00e3o levantaram preocupa\u00e7\u00f5es de que a inclus\u00e3o de prote\u00e7\u00f5es [&hellip;]<\/p>\n","protected":false},"author":23,"featured_media":167347,"comment_status":"open","ping_status":"open","sticky":false,"template":"","format":"standard","meta":{"_acf_changed":false,"inline_featured_image":false,"footnotes":""},"categories":[550],"tags":[],"class_list":["post-167386","post","type-post","status-publish","format-standard","has-post-thumbnail","hentry","category-politics-laws"],"acf":[],"_links":{"self":[{"href":"https:\/\/pointer-news.com\/pt-br\/wp-json\/wp\/v2\/posts\/167386","targetHints":{"allow":["GET"]}}],"collection":[{"href":"https:\/\/pointer-news.com\/pt-br\/wp-json\/wp\/v2\/posts"}],"about":[{"href":"https:\/\/pointer-news.com\/pt-br\/wp-json\/wp\/v2\/types\/post"}],"author":[{"embeddable":true,"href":"https:\/\/pointer-news.com\/pt-br\/wp-json\/wp\/v2\/users\/23"}],"replies":[{"embeddable":true,"href":"https:\/\/pointer-news.com\/pt-br\/wp-json\/wp\/v2\/comments?post=167386"}],"version-history":[{"count":1,"href":"https:\/\/pointer-news.com\/pt-br\/wp-json\/wp\/v2\/posts\/167386\/revisions"}],"predecessor-version":[{"id":167391,"href":"https:\/\/pointer-news.com\/pt-br\/wp-json\/wp\/v2\/posts\/167386\/revisions\/167391"}],"wp:featuredmedia":[{"embeddable":true,"href":"https:\/\/pointer-news.com\/pt-br\/wp-json\/wp\/v2\/media\/167347"}],"wp:attachment":[{"href":"https:\/\/pointer-news.com\/pt-br\/wp-json\/wp\/v2\/media?parent=167386"}],"wp:term":[{"taxonomy":"category","embeddable":true,"href":"https:\/\/pointer-news.com\/pt-br\/wp-json\/wp\/v2\/categories?post=167386"},{"taxonomy":"post_tag","embeddable":true,"href":"https:\/\/pointer-news.com\/pt-br\/wp-json\/wp\/v2\/tags?post=167386"}],"curies":[{"name":"wp","href":"https:\/\/api.w.org\/{rel}","templated":true}]}}