{"id":167387,"date":"2025-12-15T19:03:14","date_gmt":"2025-12-15T17:03:14","guid":{"rendered":"https:\/\/pointer-news.com\/?p=167387"},"modified":"2025-12-15T19:03:36","modified_gmt":"2025-12-15T17:03:36","slug":"governo-esta-proximo-de-concluir-a-definicao-de-odio-anti-muculmano","status":"publish","type":"post","link":"https:\/\/pointer-news.com\/pt-br\/governo-esta-proximo-de-concluir-a-definicao-de-odio-anti-muculmano\/","title":{"rendered":"Governo est\u00e1 pr\u00f3ximo de concluir a defini\u00e7\u00e3o de \u00f3dio anti-mu\u00e7ulmano"},"content":{"rendered":"<p><body><\/p>\n<div class=\"article-content\">\n<div>\n<p>O governo se encaminha para finalizar uma defini\u00e7\u00e3o de \u00f3dio anti-mu\u00e7ulmano, notavelmente excluindo o termo &#8220;Islamofobia&#8221;. Este rascunho, elaborado pelo grupo de trabalho Islamofobia\/Odio Anti-Mu\u00e7ulmano, foi compartilhado com diversas partes interessadas para obter feedback.<\/p>\n<p>Defensores da liberdade de express\u00e3o expressaram preocupa\u00e7\u00f5es, argumentando que a prote\u00e7\u00e3o ao termo &#8220;Islamofobia&#8221; pode limitar a capacidade de criticar a religi\u00e3o em si. Os membros do grupo de trabalho sustentam que sua defini\u00e7\u00e3o protege eficazmente os indiv\u00edduos, ao mesmo tempo em que evita interpreta\u00e7\u00f5es excessivas.<\/p>\n<p>Estabelecido em fevereiro, o grupo de trabalho foi incumbido de criar uma defini\u00e7\u00e3o para \u00f3dio anti-mu\u00e7ulmano e islamofobia. Eles apresentaram suas recomenda\u00e7\u00f5es ao governo em outubro, que servir\u00e3o como diretrizes n\u00e3o estatut\u00e1rias &#8211; o que significa que n\u00e3o ter\u00e3o peso legal, mas estar\u00e3o dispon\u00edveis para que \u00f3rg\u00e3os p\u00fablicos as adotem.<\/p>\n<p>A defini\u00e7\u00e3o busca auxiliar o governo e organiza\u00e7\u00f5es relacionadas a reconhecer e abordar comportamentos inadequados em rela\u00e7\u00e3o aos mu\u00e7ulmanos, visando aprimorar a compreens\u00e3o sobre preconceitos e crimes de \u00f3dio que afetam essa demografia.<\/p>\n<\/div>\n<div>\n<h2>Compreendendo a Defini\u00e7\u00e3o Proposta<\/h2>\n<p>A linguagem proposta define a hostilidade anti-mu\u00e7ulmana como a\u00e7\u00f5es que promovem ou incitam comportamentos criminosos, incluindo viol\u00eancia, danos \u00e0 propriedade e ass\u00e9dio &#8211; seja de forma f\u00edsica, verbal, escrita ou eletr\u00f4nica &#8211; contra mu\u00e7ulmanos ou indiv\u00edduos percebidos como tais, com base em sua f\u00e9, etnia ou apar\u00eancia.<\/p>\n<p>Ademais, abrange estere\u00f3tipos prejudiciais e a racializa\u00e7\u00e3o dos mu\u00e7ulmanos como uma entidade coletiva com caracter\u00edsticas fixas, destinadas a alimentar a animosidade, independentemente das cren\u00e7as ou a\u00e7\u00f5es reais dos indiv\u00edduos. A defini\u00e7\u00e3o tamb\u00e9m aborda pr\u00e1ticas discriminat\u00f3rias que visam prejudicar os mu\u00e7ulmanos nas esferas p\u00fablica e econ\u00f4mica.<\/p>\n<\/div>\n<h2>Compreendendo a Defini\u00e7\u00e3o Proposta<\/h2>\n<div>\n<h2>Debate e Discuss\u00e3o Dentro do Grupo de Trabalho<\/h2>\n<p>Na semana passada, o grupo de trabalho se reuniu para discutir potenciais revis\u00f5es sugeridas pelo Minist\u00e9rio da Habita\u00e7\u00e3o, Comunidades e Governo Local. Um ponto controverso parece ser a inclus\u00e3o do termo &#8220;racializa\u00e7\u00e3o&#8221; na defini\u00e7\u00e3o proposta.<\/p>\n<p>A baronesa Gohir, membro do grupo de trabalho, expressou que a submiss\u00e3o deles busca um equil\u00edbrio adequado ao proteger indiv\u00edduos sem exageros. Ela acrescentou que a defini\u00e7\u00e3o reconhece que os mu\u00e7ulmanos frequentemente enfrentam discrimina\u00e7\u00e3o n\u00e3o apenas por suas cren\u00e7as, mas tamb\u00e9m por sua apar\u00eancia, etnia ou outras caracter\u00edsticas.<\/p>\n<blockquote>\n<p>\u201cIncorporar o aspecto da racializa\u00e7\u00e3o confirma essas experi\u00eancias vividas\u201d, observou.<\/p>\n<\/blockquote>\n<\/div>\n<h2>Debate e Discuss\u00e3o Dentro do Grupo de Trabalho<\/h2>\n<div>\n<h2>Preocupa\u00e7\u00f5es Relativas \u00e0 Liberdade de Express\u00e3o<\/h2>\n<p>A Uni\u00e3o pela Liberdade de Express\u00e3o manifestou apreens\u00f5es de que qualquer defini\u00e7\u00e3o de \u00f3dio anti-mu\u00e7ulmano poderia potencialmente restringir a liberdade de express\u00e3o e inadvertidamente introduzir uma lei de blasf\u00eamia. Lord Toby Young, diretor do grupo de campanha, enfatizou que a defini\u00e7\u00e3o \u00e9 redundante, j\u00e1 que incitar \u00f3dio religioso \u00e9 um crime, e a discrimina\u00e7\u00e3o baseada em religi\u00e3o ou cren\u00e7a \u00e9 ilegal.<\/p>\n<p>Ele alertou que conceder aos mu\u00e7ulmanos prote\u00e7\u00f5es que n\u00e3o est\u00e3o dispon\u00edveis para outras religi\u00f5es poderia, paradoxalmente, aumentar o sentimento anti-mu\u00e7ulmano em vez de diminu\u00ed-lo.<\/p>\n<p>Dominic Grieve, ex-Procurador-Geral e presidente do grupo de trabalho, afirmou categoricamente que a linguagem proposta n\u00e3o infringe o direito \u00e0 liberdade de express\u00e3o. Ele comentou:<\/p>\n<blockquote>\n<p>\u201cA estrutura estabelecida pelo grupo de trabalho garante que nenhuma defini\u00e7\u00e3o de \u00f3dio anti-mu\u00e7ulmano afetar\u00e1 negativamente a liberdade de express\u00e3o, incluindo o direito de criticar o Isl\u00e3 e suas pr\u00e1ticas.\u201d<\/p>\n<\/blockquote>\n<\/div>\n<h2>Preocupa\u00e7\u00f5es Relativas \u00e0 Liberdade de Express\u00e3o<\/h2>\n<div>\n<h2>Compromisso do Governo em Abordar Crimes de \u00d3dio<\/h2>\n<p>Um porta-voz do Minist\u00e9rio da Habita\u00e7\u00e3o, Comunidades e Governo Local evitou comentar sobre vazamentos, mas destacou seu compromisso em combater o \u00f3dio e o extremismo em todas as suas formas. Eles observaram: \u201cCom o aumento dos crimes de \u00f3dio, particularmente aqueles direcionados aos mu\u00e7ulmanos, estamos focados em abordar essa quest\u00e3o de forma abrangente.\u201d<\/p>\n<p>Estat\u00edsticas indicam um aumento de 19% nos crimes de \u00f3dio religioso contra mu\u00e7ulmanos no \u00faltimo ano, com picos not\u00e1veis ap\u00f3s os assassinatos de Southport e os tumultos subsequentes no ver\u00e3o passado.<\/p>\n<p>O Partido Trabalhista havia prometido anteriormente estabelecer uma nova defini\u00e7\u00e3o de islamofobia ap\u00f3s uma proposta interpartid\u00e1ria ser rejeitada pelo \u00faltimo governo conservador em 2019. O Grupo Parlamentar de Todos os Partidos sobre Mu\u00e7ulmanos Brit\u00e2nicos descreveu a islamofobia como &#8220;enraizada no racismo&#8221; e como uma forma de racismo que visa as express\u00f5es da identidade mu\u00e7ulmana.<\/p>\n<p>No entanto, cr\u00edticos argumentaram que essa defini\u00e7\u00e3o era excessivamente vaga e poderia cercear a liberdade de express\u00e3o. O rascunho atual em considera\u00e7\u00e3o pelo governo representa uma mudan\u00e7a em rela\u00e7\u00e3o a essa proposta anterior, que foi oficialmente abra\u00e7ada pelo Partido Trabalhista durante seu tempo na oposi\u00e7\u00e3o.<\/p>\n<\/div>\n<h2>Compromisso do Governo em Abordar Crimes de \u00d3dio<\/h2>\n<\/div>\n<p><\/body><\/p>\n","protected":false},"excerpt":{"rendered":"<p>O governo se encaminha para finalizar uma defini\u00e7\u00e3o de \u00f3dio anti-mu\u00e7ulmano, notavelmente excluindo o termo &#8220;Islamofobia&#8221;. Este rascunho, elaborado pelo grupo de trabalho Islamofobia\/Odio Anti-Mu\u00e7ulmano, foi compartilhado com diversas partes interessadas para obter feedback. Defensores da liberdade de express\u00e3o expressaram preocupa\u00e7\u00f5es, argumentando que a prote\u00e7\u00e3o ao termo &#8220;Islamofobia&#8221; pode limitar a capacidade de criticar a [&hellip;]<\/p>\n","protected":false},"author":23,"featured_media":167344,"comment_status":"open","ping_status":"open","sticky":false,"template":"","format":"standard","meta":{"_acf_changed":false,"inline_featured_image":false,"footnotes":""},"categories":[550],"tags":[],"class_list":["post-167387","post","type-post","status-publish","format-standard","has-post-thumbnail","hentry","category-politics-laws"],"acf":[],"_links":{"self":[{"href":"https:\/\/pointer-news.com\/pt-br\/wp-json\/wp\/v2\/posts\/167387","targetHints":{"allow":["GET"]}}],"collection":[{"href":"https:\/\/pointer-news.com\/pt-br\/wp-json\/wp\/v2\/posts"}],"about":[{"href":"https:\/\/pointer-news.com\/pt-br\/wp-json\/wp\/v2\/types\/post"}],"author":[{"embeddable":true,"href":"https:\/\/pointer-news.com\/pt-br\/wp-json\/wp\/v2\/users\/23"}],"replies":[{"embeddable":true,"href":"https:\/\/pointer-news.com\/pt-br\/wp-json\/wp\/v2\/comments?post=167387"}],"version-history":[{"count":1,"href":"https:\/\/pointer-news.com\/pt-br\/wp-json\/wp\/v2\/posts\/167387\/revisions"}],"predecessor-version":[{"id":167396,"href":"https:\/\/pointer-news.com\/pt-br\/wp-json\/wp\/v2\/posts\/167387\/revisions\/167396"}],"wp:featuredmedia":[{"embeddable":true,"href":"https:\/\/pointer-news.com\/pt-br\/wp-json\/wp\/v2\/media\/167344"}],"wp:attachment":[{"href":"https:\/\/pointer-news.com\/pt-br\/wp-json\/wp\/v2\/media?parent=167387"}],"wp:term":[{"taxonomy":"category","embeddable":true,"href":"https:\/\/pointer-news.com\/pt-br\/wp-json\/wp\/v2\/categories?post=167387"},{"taxonomy":"post_tag","embeddable":true,"href":"https:\/\/pointer-news.com\/pt-br\/wp-json\/wp\/v2\/tags?post=167387"}],"curies":[{"name":"wp","href":"https:\/\/api.w.org\/{rel}","templated":true}]}}