{"id":168897,"date":"2025-12-25T18:02:18","date_gmt":"2025-12-25T16:02:18","guid":{"rendered":"https:\/\/pointer-news.com\/?p=168897"},"modified":"2025-12-25T18:02:31","modified_gmt":"2025-12-25T16:02:31","slug":"starmer-recua-no-debate-sobre-imposto-agricola-mas-o-que-motivou-essa-mudanca","status":"publish","type":"post","link":"https:\/\/pointer-news.com\/pt-br\/starmer-recua-no-debate-sobre-imposto-agricola-mas-o-que-motivou-essa-mudanca\/","title":{"rendered":"Starmer Recua no Debate sobre Imposto Agr\u00edcola &#8211; Mas o que Motivou Essa Mudan\u00e7a?"},"content":{"rendered":"<p><body><\/p>\n<div class=\"article-content\">\n<p>A recente revers\u00e3o parcial do governo sobre o que cr\u00edticos chamaram de &#8220;imposto sobre fazendas&#8221; foi recebida com al\u00edvio por aqueles que se opuseram ao imposto de<strong style=\"margin-left: 0.3em; margin-right: 0.3em;\">20%<\/strong>sobre heran\u00e7as que come\u00e7aria em abril do pr\u00f3ximo ano. Essa altera\u00e7\u00e3o isentar\u00e1 cerca de metade das propriedades rurais inicialmente afetadas pela pol\u00edtica.<\/p>\n<p>No entanto, dado que os ministros defenderam vigorosamente essa medida nos \u00faltimos<strong style=\"margin-left: 0.3em; margin-right: 0.3em;\">14 meses<\/strong>desde o or\u00e7amento anterior, muitos se perguntam: o que motivou essa mudan\u00e7a? E por que neste momento espec\u00edfico?<\/p>\n<p>As manifesta\u00e7\u00f5es em andamento, caracterizadas por barulhentos comboios de tratores e buzinas ecoando em Parliament Square, sem d\u00favida desempenharam um papel crucial nessa decis\u00e3o. A Uni\u00e3o Nacional dos Agricultores, que liderou essas manifesta\u00e7\u00f5es, tamb\u00e9m se envolveu em negocia\u00e7\u00f5es discretas com representantes de Downing Street e do departamento de agricultura. Relatos indicam que as discuss\u00f5es se direcionaram para a suaviza\u00e7\u00e3o da pol\u00edtica em vez de sua completa elimina\u00e7\u00e3o.<\/p>\n<p>Outros fatores tamb\u00e9m merecem aten\u00e7\u00e3o. O resultado das elei\u00e7\u00f5es trabalhistas do ano passado resultou em um aumento no n\u00famero de parlamentares representando distritos rurais e semi-rurais. Nos bastidores, v\u00e1rios desses representantes estavam ativamente defendendo mudan\u00e7as na pol\u00edtica.<\/p>\n<p>Embora apenas um parlamentar tenha se oposto abertamente \u00e0 pol\u00edtica, mais de trinta optaram por se abster durante uma vota\u00e7\u00e3o parlamentar no in\u00edcio deste m\u00eas, sinalizando seu descontentamento. Essa absten\u00e7\u00e3o ilustra o crescente desconforto entre aqueles que representam \u00e1reas rurais.<\/p>\n<p>Especula\u00e7\u00f5es sobre o momento da mudan\u00e7a do governo s\u00e3o abundantes. Um dos parlamentares dissidentes indicou que as conversas com oficiais do governo se tornaram mais construtivas neste m\u00eas, embora n\u00e3o tenham sido informados antes do an\u00fancio feito ontem.<\/p>\n<p>Al\u00e9m disso, alguns especulam que a recente apari\u00e7\u00e3o de Sir Keir Starmer diante do comit\u00ea de liga\u00e7\u00e3o, que inclui parlamentares seniores de v\u00e1rios partidos, pode ter influenciado a decis\u00e3o. Durante essa sess\u00e3o, ele enfrentou perguntas incisivas da parlamentar trabalhista Cat Smith e do parlamentar do Partido Liberal Democrata Alistair Carmichael, que sugeriram que alguns agricultores estavam considerando medidas extremas, com Smith notavelmente afirmando que estavam &#8220;planejando ativamente acelerar suas pr\u00f3prias mortes&#8221; em antecipa\u00e7\u00e3o ao imposto sobre heran\u00e7as.<\/p>\n<p>A dura realidade de poss\u00edveis trag\u00e9dias pessoais e as consequ\u00eancias negativas que poderiam surgir foram claramente comunicadas ao Primeiro-Ministro. Com o Parlamento se preparando para se reunir novamente em janeiro, Downing Street parece disposta a enfrentar essa quest\u00e3o pol\u00edtica iminente, considerando a redu\u00e7\u00e3o desse \u00f4nus como um passo necess\u00e1rio.<\/p>\n<p>O Partido Conservador criticou o momento do ajuste da pol\u00edtica, afirmando que foi feito de forma silenciosa enquanto os parlamentares estavam ausentes, evitando assim o escrut\u00ednio. Uma revers\u00e3o durante o recesso n\u00e3o inspira confian\u00e7a para um governo que det\u00e9m<strong style=\"margin-left: 0.3em; margin-right: 0.3em;\">400<\/strong>dos<strong style=\"margin-left: 0.3em; margin-right: 0.3em;\">650<\/strong>assentos parlamentares.<\/p>\n<p>Enquanto alguns parlamentares trabalhistas expressam al\u00edvio por suas preocupa\u00e7\u00f5es terem sido ouvidas, outros questionam a persist\u00eancia de uma pol\u00edtica projetada para gerar receita m\u00ednima. A decis\u00e3o deve custar ao governo<strong style=\"margin-left: 0.3em; margin-right: 0.3em;\">\u00a3130 milh\u00f5es<\/strong>, um valor insignificante comparado aos aproximadamente<strong style=\"margin-left: 0.3em; margin-right: 0.3em;\">\u00a3900 bilh\u00f5es<\/strong>arrecadados anualmente em impostos.<\/p>\n<p>Adicionalmente, com o Partido Trabalhista ficando atr\u00e1s nas pesquisas, crescem as d\u00favidas sobre a capacidade do governo de navegar efetivamente pelo cen\u00e1rio pol\u00edtico. Um padr\u00e3o emergente sugere que pol\u00edticas geradoras de receita s\u00e3o introduzidas pelo Tesouro, seguidas por rea\u00e7\u00f5es p\u00fablicas adversas, descontentamento interno e, por fim, uma revers\u00e3o parcial ap\u00f3s repercuss\u00f5es pol\u00edticas significativas.<\/p>\n<p>Exemplos passados, como o combust\u00edvel de inverno, a reforma do bem-estar e agora as fazendas familiares, ilustram essa tend\u00eancia. Embora as pol\u00edticas possam mudar, quest\u00f5es persistentes sobre o julgamento pol\u00edtico continuam a pairar.<\/p>\n<\/div>\n<p><\/body><\/p>\n","protected":false},"excerpt":{"rendered":"<p>A recente revers\u00e3o parcial do governo sobre o que cr\u00edticos chamaram de &#8220;imposto sobre fazendas&#8221; foi recebida com al\u00edvio por aqueles que se opuseram ao imposto de20%sobre heran\u00e7as que come\u00e7aria em abril do pr\u00f3ximo ano. Essa altera\u00e7\u00e3o isentar\u00e1 cerca de metade das propriedades rurais inicialmente afetadas pela pol\u00edtica. No entanto, dado que os ministros defenderam [&hellip;]<\/p>\n","protected":false},"author":23,"featured_media":168892,"comment_status":"open","ping_status":"open","sticky":false,"template":"","format":"standard","meta":{"_acf_changed":false,"inline_featured_image":false,"footnotes":""},"categories":[550],"tags":[],"class_list":["post-168897","post","type-post","status-publish","format-standard","has-post-thumbnail","hentry","category-politics-laws"],"acf":[],"_links":{"self":[{"href":"https:\/\/pointer-news.com\/pt-br\/wp-json\/wp\/v2\/posts\/168897","targetHints":{"allow":["GET"]}}],"collection":[{"href":"https:\/\/pointer-news.com\/pt-br\/wp-json\/wp\/v2\/posts"}],"about":[{"href":"https:\/\/pointer-news.com\/pt-br\/wp-json\/wp\/v2\/types\/post"}],"author":[{"embeddable":true,"href":"https:\/\/pointer-news.com\/pt-br\/wp-json\/wp\/v2\/users\/23"}],"replies":[{"embeddable":true,"href":"https:\/\/pointer-news.com\/pt-br\/wp-json\/wp\/v2\/comments?post=168897"}],"version-history":[{"count":1,"href":"https:\/\/pointer-news.com\/pt-br\/wp-json\/wp\/v2\/posts\/168897\/revisions"}],"predecessor-version":[{"id":168900,"href":"https:\/\/pointer-news.com\/pt-br\/wp-json\/wp\/v2\/posts\/168897\/revisions\/168900"}],"wp:featuredmedia":[{"embeddable":true,"href":"https:\/\/pointer-news.com\/pt-br\/wp-json\/wp\/v2\/media\/168892"}],"wp:attachment":[{"href":"https:\/\/pointer-news.com\/pt-br\/wp-json\/wp\/v2\/media?parent=168897"}],"wp:term":[{"taxonomy":"category","embeddable":true,"href":"https:\/\/pointer-news.com\/pt-br\/wp-json\/wp\/v2\/categories?post=168897"},{"taxonomy":"post_tag","embeddable":true,"href":"https:\/\/pointer-news.com\/pt-br\/wp-json\/wp\/v2\/tags?post=168897"}],"curies":[{"name":"wp","href":"https:\/\/api.w.org\/{rel}","templated":true}]}}