{"id":169585,"date":"2025-12-30T22:19:13","date_gmt":"2025-12-30T20:19:13","guid":{"rendered":"https:\/\/pointer-news.com\/?p=169585"},"modified":"2025-12-30T22:19:24","modified_gmt":"2025-12-30T20:19:24","slug":"ativista-britanico-egipcio-parece-apoiar-alegacoes-de-uma-campanha-de-difamacao","status":"publish","type":"post","link":"https:\/\/pointer-news.com\/pt-br\/ativista-britanico-egipcio-parece-apoiar-alegacoes-de-uma-campanha-de-difamacao\/","title":{"rendered":"Ativista brit\u00e2nico-eg\u00edpcio parece apoiar alega\u00e7\u00f5es de uma &#8216;campanha de difama\u00e7\u00e3o&#8217;"},"content":{"rendered":"<p><body><\/p>\n<div class=\"article-content\">\n<p>O ativista brit\u00e2nico-eg\u00edpcio envolvido em uma controv\u00e9rsia pol\u00edtica parece ter endossado alega\u00e7\u00f5es recentes n\u00e3o confirmadas, que afirmam ser alvo de uma &#8216;campanha de difama\u00e7\u00e3o&#8217;.<\/p>\n<p>Alaa Abd El Fattah chegou ao Reino Unido na sexta-feira, reencontrando sua fam\u00edlia pela primeira vez em 12 anos, ap\u00f3s ser libertado de uma pris\u00e3o eg\u00edpcia, onde organiza\u00e7\u00f5es de direitos humanos alegaram que ele havia sido encarcerado injustamente.<\/p>\n<p>O Primeiro-Ministro expressou seu apoio ao retorno de Abd El Fattah em uma postagem no X, mas logo enfrentou cr\u00edticas quando antigas declara\u00e7\u00f5es nas redes sociais ressurgiram, nas quais Abd El Fattah defendia a viol\u00eancia contra sionistas e policiais.<\/p>\n<p>Em resposta ao ressurgimento dessas postagens, Sir Keir Starmer declarou que desconhecia os coment\u00e1rios &#8216;absolutamente abomin\u00e1veis&#8217;, pelos quais Abd El Fattah j\u00e1 havia expressado arrependimento. Ele mencionou que o governo est\u00e1 atualmente revisando as falhas de informa\u00e7\u00e3o relacionadas a esse caso.<\/p>\n<blockquote>\n<p>&#8216;Com o aumento do antissemitismo e os recentes ataques horr\u00edveis, reconhe\u00e7o que isso intensificou o sofrimento de muitos na comunidade judaica do Reino Unido,&#8217; comentou.<\/p>\n<\/blockquote>\n<p>A Secret\u00e1ria de Rela\u00e7\u00f5es Exteriores, Yvette Cooper, designou um servidor p\u00fablico s\u00eanior para investigar por que ministros atuais e anteriores estavam desinformados sobre as declara\u00e7\u00f5es anteriores de Abd El Fattah.<\/p>\n<p>Em uma declara\u00e7\u00e3o divulgada na manh\u00e3 de segunda-feira, Abd El Fattah reconheceu a natureza &#8216;chocante e dolorosa&#8217; de seus coment\u00e1rios passados, esclarecendo que eram meramente &#8216;express\u00f5es da raiva de um jovem&#8217;.<\/p>\n<p>O porta-voz do Primeiro-Ministro recebeu o pedido de desculpas de forma positiva, descrevendo-o como um &#8216;reconhecimento bastante completo de erro, que \u00e9, sem d\u00favida, o curso de a\u00e7\u00e3o apropriado.&#8217;<\/p>\n<p>No entanto, logo ap\u00f3s esse pedido de desculpas, a BBC News descobriu que a conta de Facebook de Abd El Fattah havia curtido uma postagem de outro usu\u00e1rio, que caracterizava as cr\u00edticas feitas a ele como uma &#8216;campanha de difama\u00e7\u00e3o implac\u00e1vel&#8217; orquestrada pelo &#8216;homem mais rico do mundo, v\u00e1rias ag\u00eancias de intelig\u00eancia do Oriente M\u00e9dio e algumas organiza\u00e7\u00f5es sionistas.&#8217;<\/p>\n<p>O Secret\u00e1rio de Justi\u00e7a da oposi\u00e7\u00e3o, Robert Jenrick, apontou para uma segunda postagem curtida pela conta de Facebook de Abd El Fattah no mesmo dia, que alegava que ele era v\u00edtima de uma campanha liderada por sionistas. Embora a BBC News tenha documentado uma captura de tela dessa postagem, a mensagem original foi removida desde ent\u00e3o.<\/p>\n<p>Jenrick afirmou que essas duas postagens &#8216;demonstram que o pedido de desculpas de Abd El Fattah foi desonesto e premeditado.&#8217; Ele ainda enfatizou: &#8216;Em vez de se distanciar de suas opini\u00f5es extremistas, ele parece reafirm\u00e1-las, se apresentando como alvo de uma conspira\u00e7\u00e3o, em vez de expressar um arrependimento genu\u00edno.&#8217;<\/p>\n<p>Ele acrescentou que esses coment\u00e1rios &#8216;indicam que os crit\u00e9rios para revogar sua cidadania podem ter sido atendidos, dado que ele representa uma amea\u00e7a \u00e0 seguran\u00e7a nacional e sua presen\u00e7a no Reino Unido evidentemente n\u00e3o \u00e9 ben\u00e9fica para o bem p\u00fablico.&#8217;<\/p>\n<p>A conta de Facebook de Abd El Fattah j\u00e1 havia compartilhado uma foto tocante de seu reencontro com seu filho de 14 anos, Khaled, ao chegar ao Reino Unido.<\/p>\n<p>O ativista, que suportou mais de uma d\u00e9cada de pris\u00e3o, ganhou reconhecimento durante a revolta de 2011 que resultou na deposi\u00e7\u00e3o do ent\u00e3o presidente eg\u00edpcio Hosni Mubarak.<\/p>\n<p>Em 2021, ele foi condenado por &#8216;disseminar informa\u00e7\u00f5es falsas&#8217; por compartilhar uma postagem no Facebook sobre tortura, um julgamento amplamente criticado por defensores dos direitos humanos como injusto.<\/p>\n<p>Ele adquiriu a cidadania brit\u00e2nica em dezembro de 2021, durante o governo conservador, qualificando-se atrav\u00e9s de sua m\u00e3e, que nasceu em Londres.<\/p>\n<p>Ap\u00f3s o ressurgimento de seus antigos tweets, os conservadores e o Reform UK pediram ao governo que revogasse sua cidadania brit\u00e2nica e o deportasse.<\/p>\n<p>Embora o Secret\u00e1rio do Interior possua a autoridade para revogar a cidadania de cidad\u00e3os com dupla nacionalidade se considerado &#8216;n\u00e3o conveniente para o bem p\u00fablico&#8217;, tais decis\u00f5es t\u00eam sido reservadas tipicamente para casos relacionados ao terrorismo ou crime organizado s\u00e9rio, onde indiv\u00edduos s\u00e3o considerados amea\u00e7as \u00e0 seguran\u00e7a nacional.<\/p>\n<p>Acredita-se que o governo de Downing Street considere que esse alto padr\u00e3o n\u00e3o se aplica a esta situa\u00e7\u00e3o. Al\u00e9m disso, qualquer movimento para revogar a cidadania provavelmente enfrentar\u00e1 extensos e dispendiosos desafios legais.<\/p>\n<p>O ativista havia sido retirado da considera\u00e7\u00e3o para um pr\u00eamio de direitos humanos h\u00e1 uma d\u00e9cada devido a coment\u00e1rios que fez online sobre Israel em 2012.<\/p>\n<p>O Ministro dos Transportes, Lord Hendy, comentou que \u00e9 apropriado para o governo investigar por que os ministros estavam anteriormente desinformados sobre essas declara\u00e7\u00f5es.<\/p>\n<blockquote>\n<p>&#8216;O que ele expressou foi, sem d\u00favida, bastante perturbador. Ningu\u00e9m, especialmente n\u00e3o o governo, endossaria tais opini\u00f5es. Uma investiga\u00e7\u00e3o pelo Minist\u00e9rio das Rela\u00e7\u00f5es Exteriores est\u00e1 em andamento para determinar como esses tweets passaram despercebidos,&#8217; afirmou.<\/p>\n<\/blockquote>\n<\/div>\n<p><\/body><\/p>\n","protected":false},"excerpt":{"rendered":"<p>O ativista brit\u00e2nico-eg\u00edpcio envolvido em uma controv\u00e9rsia pol\u00edtica parece ter endossado alega\u00e7\u00f5es recentes n\u00e3o confirmadas, que afirmam ser alvo de uma &#8216;campanha de difama\u00e7\u00e3o&#8217;. Alaa Abd El Fattah chegou ao Reino Unido na sexta-feira, reencontrando sua fam\u00edlia pela primeira vez em 12 anos, ap\u00f3s ser libertado de uma pris\u00e3o eg\u00edpcia, onde organiza\u00e7\u00f5es de direitos humanos [&hellip;]<\/p>\n","protected":false},"author":23,"featured_media":169580,"comment_status":"open","ping_status":"open","sticky":false,"template":"","format":"standard","meta":{"_acf_changed":false,"inline_featured_image":false,"footnotes":""},"categories":[550],"tags":[],"class_list":["post-169585","post","type-post","status-publish","format-standard","has-post-thumbnail","hentry","category-politics-laws"],"acf":[],"_links":{"self":[{"href":"https:\/\/pointer-news.com\/pt-br\/wp-json\/wp\/v2\/posts\/169585","targetHints":{"allow":["GET"]}}],"collection":[{"href":"https:\/\/pointer-news.com\/pt-br\/wp-json\/wp\/v2\/posts"}],"about":[{"href":"https:\/\/pointer-news.com\/pt-br\/wp-json\/wp\/v2\/types\/post"}],"author":[{"embeddable":true,"href":"https:\/\/pointer-news.com\/pt-br\/wp-json\/wp\/v2\/users\/23"}],"replies":[{"embeddable":true,"href":"https:\/\/pointer-news.com\/pt-br\/wp-json\/wp\/v2\/comments?post=169585"}],"version-history":[{"count":1,"href":"https:\/\/pointer-news.com\/pt-br\/wp-json\/wp\/v2\/posts\/169585\/revisions"}],"predecessor-version":[{"id":169588,"href":"https:\/\/pointer-news.com\/pt-br\/wp-json\/wp\/v2\/posts\/169585\/revisions\/169588"}],"wp:featuredmedia":[{"embeddable":true,"href":"https:\/\/pointer-news.com\/pt-br\/wp-json\/wp\/v2\/media\/169580"}],"wp:attachment":[{"href":"https:\/\/pointer-news.com\/pt-br\/wp-json\/wp\/v2\/media?parent=169585"}],"wp:term":[{"taxonomy":"category","embeddable":true,"href":"https:\/\/pointer-news.com\/pt-br\/wp-json\/wp\/v2\/categories?post=169585"},{"taxonomy":"post_tag","embeddable":true,"href":"https:\/\/pointer-news.com\/pt-br\/wp-json\/wp\/v2\/tags?post=169585"}],"curies":[{"name":"wp","href":"https:\/\/api.w.org\/{rel}","templated":true}]}}