{"id":169860,"date":"2026-01-01T09:01:59","date_gmt":"2026-01-01T07:01:59","guid":{"rendered":"https:\/\/pointer-news.com\/?p=169860"},"modified":"2026-01-01T09:02:13","modified_gmt":"2026-01-01T07:02:13","slug":"custos-de-energia-aumentam-ligeiramente-para-milhoes-com-a-chegada-do-inverno","status":"publish","type":"post","link":"https:\/\/pointer-news.com\/pt-br\/custos-de-energia-aumentam-ligeiramente-para-milhoes-com-a-chegada-do-inverno\/","title":{"rendered":"Custos de Energia Aumentam Ligeiramente para Milh\u00f5es com a Chegada do Inverno"},"content":{"rendered":"<p><body><\/p>\n<div class=\"article-content\">\n<p>Com o in\u00edcio do novo ano, lares em toda a Inglaterra, Esc\u00f3cia e Pa\u00eds de Gales se preparam para um aumento nos custos de energia, ap\u00f3s um pequeno ajuste no teto de pre\u00e7os feito pela Ofgem. Essa altera\u00e7\u00e3o representa um acr\u00e9scimo modesto de 0,2% para aqueles que est\u00e3o em tarifas vari\u00e1veis, resultando em um custo adicional de \u00a33 por ano para resid\u00eancias que consomem uma quantidade m\u00e9dia de g\u00e1s e eletricidade.<\/p>\n<p>Defensores dos consumidores alertam que esse aumento, embora pequeno, chega em um momento em que muitas fam\u00edlias enfrentam as temperaturas mais severas do inverno. O timing dessa mudan\u00e7a significa que os pagadores de contas provavelmente enfrentar\u00e3o mais uma temporada de despesas elevadas com energia.<\/p>\n<p>No entanto, mudan\u00e7as previstas no Or\u00e7amento devem levar a uma redu\u00e7\u00e3o nos custos de energia a partir de abril. O teto de pre\u00e7os da Ofgem determina o valor m\u00e1ximo cobrado por unidade de g\u00e1s e eletricidade para clientes em tarifas vari\u00e1veis, influenciando o que os lares pagam com base no seu consumo de energia, ao inv\u00e9s de um valor fixo na conta.<\/p>\n<p>Este sistema regulat\u00f3rio \u00e9 baseado no consumo anual t\u00edpico de uma resid\u00eancia, que \u00e9 de 11.500 kWh de g\u00e1s e 2.700 kWh de eletricidade, geralmente pagos atrav\u00e9s de d\u00e9bito autom\u00e1tico. Para esse tipo de lares, o aumento na conta anual passar\u00e1 de \u00a31.755 para \u00a31.758.<\/p>\n<p>Entretanto, o uso real de energia varia significativamente entre diferentes resid\u00eancias, tornando fundamental que os consumidores analisem suas contas individuais para compreender a varia\u00e7\u00e3o percentual espec\u00edfica que ir\u00e3o enfrentar.<\/p>\n<h2>Encargos Adicionais e Impactos<\/h2>\n<p>As tarifas de disponibilidade, que englobam os custos operacionais da rede de energia juntamente com tributos governamentais, tamb\u00e9m est\u00e3o programadas para aumentar. As tarifas de disponibilidade de eletricidade subir\u00e3o em 2%, enquanto as de g\u00e1s ter\u00e3o um aumento de 3%, contribuindo para o aumento geral nas contas.<\/p>\n<p>Enquanto as tarifas unit\u00e1rias de eletricidade est\u00e3o aumentando, as taxas de g\u00e1s apresentam uma leve diminui\u00e7\u00e3o, o que significa que lares com maior consumo de eletricidade sentir\u00e3o a press\u00e3o financeira de forma mais intensa. Vale ressaltar que o teto de pre\u00e7os se aplica a Inglaterra, Pa\u00eds de Gales e Esc\u00f3cia, enquanto o mercado de energia da Irlanda do Norte opera sob regulamentos distintos.<\/p>\n<p>A Ofgem sugeriu que os consumidores podem economizar ao migrar para tarifas fixas, que garantem os pre\u00e7os unit\u00e1rios por um per\u00edodo determinado. Aqueles que j\u00e1 est\u00e3o em contratos fixos n\u00e3o ver\u00e3o mudan\u00e7as imediatas.<\/p>\n<blockquote><p>Emily Seymour, editora de energia de um grupo de defesa do consumidor, observou: &#8220;Como regra geral, recomendamos buscar ofertas mais baratas do que o teto de pre\u00e7os atual, com dura\u00e7\u00e3o n\u00e3o superior a 12 meses e sem taxas de sa\u00edda significativas.&#8221;<\/p><\/blockquote>\n<p>Com a chegada de janeiro e fevereiro, muitas resid\u00eancias depender\u00e3o de sistemas de aquecimento por per\u00edodos prolongados, especialmente com alertas de neve e gelo em vigor em v\u00e1rias regi\u00f5es. Fam\u00edlias vulner\u00e1veis em determinadas \u00e1reas da Inglaterra, Pa\u00eds de Gales e Irlanda do Norte t\u00eam direito a pagamentos por frio de \u00a325 semanalmente se as temperaturas locais estiverem em m\u00e9dia iguais ou abaixo de 0\u00b0C por sete dias consecutivos.<\/p>\n<p>Os lares podem verificar sua elegibilidade atrav\u00e9s de um servi\u00e7o online do governo, enquanto a Esc\u00f3cia possui seu pr\u00f3prio esquema de pagamento de aquecimento para o inverno. Al\u00e9m disso, o governo ampliou o desconto de \u00a3150 para lares de baixa renda.<\/p>\n<p>Simon Francis, da Coaliz\u00e3o para o Fim da Pobreza Energ\u00e9tica, ressaltou a necessidade de assist\u00eancia mais robusta para aqueles que lutam com os custos de energia. Ele comentou: &#8220;Esse \u00e9 um caso em que cada pequeno aumento d\u00f3i&#8230; precisamos ver contas muito mais baixas, mas tamb\u00e9m medidas para manter as casas das pessoas mais quentes a cada inverno.&#8221;<\/p>\n<p>James Jones e sua esposa Christine, assim como muitos outros aposentados, celebraram a restaura\u00e7\u00e3o do pagamento de combust\u00edvel de inverno ap\u00f3s uma recente revers\u00e3o do governo sobre a restri\u00e7\u00e3o desse subs\u00eddio. O Sr. Jones declarou: &#8220;Obviamente, temos isso para os meses frios. Estamos usando mais o aquecimento central. Isso fez uma grande diferen\u00e7a. Voc\u00ea sabe que est\u00e1 chegando, ent\u00e3o \u00e9 o seu recurso de emerg\u00eancia.&#8221; No entanto, eles ainda est\u00e3o fazendo sacrif\u00edcios para gerenciar suas despesas.<\/p>\n<p>Apesar de terem recebido um aumento na pens\u00e3o, o Sr. Jones destacou que o aumento nos custos de alimentos, combust\u00edveis e outros itens essenciais anula qualquer benef\u00edcio. Olhando para o futuro, h\u00e1 um otimismo cauteloso, uma vez que a Chanceler Rachel Reeves anunciou no Or\u00e7amento que v\u00e1rias taxas nas contas de energia seriam eliminadas, potencialmente reduzindo os custos para milh\u00f5es em \u00a3150 anualmente a partir de abril.<\/p>\n<p>Isso inclui a remo\u00e7\u00e3o de um esquema voltado para reduzir a pobreza energ\u00e9tica e diminuir as emiss\u00f5es de carbono, al\u00e9m de transferir algumas despesas para a tributa\u00e7\u00e3o geral. O governo confirmou que aqueles em contratos fixos tamb\u00e9m se beneficiar\u00e3o dessas mudan\u00e7as em abril.<\/p>\n<p>Contudo, aproximadamente \u00a330 ser\u00e3o descontados dessas economias esperadas para manter as redes de g\u00e1s e melhorar a infraestrutura de transmiss\u00e3o de eletricidade. Al\u00e9m disso, analistas da consultoria de energia Cornwall Insight preveem uma redu\u00e7\u00e3o de 8% no teto de pre\u00e7os para abril, o que pode resultar em uma diminui\u00e7\u00e3o de \u00a3138, reduzindo o custo anual para um lar t\u00edpico para \u00a31.620.<\/p>\n<\/div>\n<p><\/body><\/p>\n","protected":false},"excerpt":{"rendered":"<p>Com o in\u00edcio do novo ano, lares em toda a Inglaterra, Esc\u00f3cia e Pa\u00eds de Gales se preparam para um aumento nos custos de energia, ap\u00f3s um pequeno ajuste no teto de pre\u00e7os feito pela Ofgem. Essa altera\u00e7\u00e3o representa um acr\u00e9scimo modesto de 0,2% para aqueles que est\u00e3o em tarifas vari\u00e1veis, resultando em um custo [&hellip;]<\/p>\n","protected":false},"author":23,"featured_media":169855,"comment_status":"open","ping_status":"open","sticky":false,"template":"","format":"standard","meta":{"_acf_changed":false,"inline_featured_image":false,"footnotes":""},"categories":[548],"tags":[],"class_list":["post-169860","post","type-post","status-publish","format-standard","has-post-thumbnail","hentry","category-business-finance"],"acf":[],"_links":{"self":[{"href":"https:\/\/pointer-news.com\/pt-br\/wp-json\/wp\/v2\/posts\/169860","targetHints":{"allow":["GET"]}}],"collection":[{"href":"https:\/\/pointer-news.com\/pt-br\/wp-json\/wp\/v2\/posts"}],"about":[{"href":"https:\/\/pointer-news.com\/pt-br\/wp-json\/wp\/v2\/types\/post"}],"author":[{"embeddable":true,"href":"https:\/\/pointer-news.com\/pt-br\/wp-json\/wp\/v2\/users\/23"}],"replies":[{"embeddable":true,"href":"https:\/\/pointer-news.com\/pt-br\/wp-json\/wp\/v2\/comments?post=169860"}],"version-history":[{"count":1,"href":"https:\/\/pointer-news.com\/pt-br\/wp-json\/wp\/v2\/posts\/169860\/revisions"}],"predecessor-version":[{"id":169863,"href":"https:\/\/pointer-news.com\/pt-br\/wp-json\/wp\/v2\/posts\/169860\/revisions\/169863"}],"wp:featuredmedia":[{"embeddable":true,"href":"https:\/\/pointer-news.com\/pt-br\/wp-json\/wp\/v2\/media\/169855"}],"wp:attachment":[{"href":"https:\/\/pointer-news.com\/pt-br\/wp-json\/wp\/v2\/media?parent=169860"}],"wp:term":[{"taxonomy":"category","embeddable":true,"href":"https:\/\/pointer-news.com\/pt-br\/wp-json\/wp\/v2\/categories?post=169860"},{"taxonomy":"post_tag","embeddable":true,"href":"https:\/\/pointer-news.com\/pt-br\/wp-json\/wp\/v2\/tags?post=169860"}],"curies":[{"name":"wp","href":"https:\/\/api.w.org\/{rel}","templated":true}]}}