{"id":170194,"date":"2026-01-02T22:01:24","date_gmt":"2026-01-02T20:01:24","guid":{"rendered":"https:\/\/pointer-news.com\/?p=170194"},"modified":"2026-01-02T22:01:35","modified_gmt":"2026-01-02T20:01:35","slug":"ex-assessor-do-pm-critica-politicos-por-perder-controle-para-forcas-externas","status":"publish","type":"post","link":"https:\/\/pointer-news.com\/pt-br\/ex-assessor-do-pm-critica-politicos-por-perder-controle-para-forcas-externas\/","title":{"rendered":"Ex-assessor do PM critica pol\u00edticos por perder controle para for\u00e7as externas"},"content":{"rendered":"<p><body><\/p>\n<div class=\"article-content\">\n<p>Um ex-assessor do Primeiro-Ministro afirmou que os pol\u00edticos entregaram um poder excessivo a profissionais do direito, ativistas e \u00f3rg\u00e3os reguladores, o que resultou na incapacidade de cumprir promessas de campanha. Paul Ovenden, que foi diretor de estrat\u00e9gia pol\u00edtica de Keir Starmer antes de se demitir devido ao surgimento de mensagens inadequadas enviadas em 2017, compartilhou essas opini\u00f5es em um recente artigo de opini\u00e3o.<\/p>\n<p>Ele destacou que o governo brit\u00e2nico se expandiu consideravelmente, ao mesmo tempo em que minou suas pr\u00f3prias capacidades. Na sua avalia\u00e7\u00e3o, o caso do ativista brit\u00e2nico-eg\u00edpcio Alaa Abd El Fattah evidenciou as maneiras peculiares como os funcion\u00e1rios do governo priorizam seu tempo.<\/p>\n<p>Em uma entrevista, Ovenden ressaltou que os pol\u00edticos podem recuperar o dom\u00ednio sobre os processos democr\u00e1ticos com uma determina\u00e7\u00e3o renovada. Ele elogiou Sir Keir Starmer como o l\u00edder ideal para implementar as reformas necess\u00e1rias, observando que Starmer est\u00e1 profundamente ciente das frustra\u00e7\u00f5es enfrentadas por muitos.<\/p>\n<h2>Apelo por Mudan\u00e7as Fundamentais<\/h2>\n<p>Em um coment\u00e1rio separado, Chris Powell, que possui experi\u00eancia em quatro campanhas gerais do Partido Trabalhista e \u00e9 irm\u00e3o de um assessor chave do Primeiro-Ministro, pediu ao Partido Trabalhista que passe por uma transforma\u00e7\u00e3o significativa.<\/p>\n<\/div>\n<p><\/body><\/p>\n","protected":false},"excerpt":{"rendered":"<p>Um ex-assessor do Primeiro-Ministro afirmou que os pol\u00edticos entregaram um poder excessivo a profissionais do direito, ativistas e \u00f3rg\u00e3os reguladores, o que resultou na incapacidade de cumprir promessas de campanha. Paul Ovenden, que foi diretor de estrat\u00e9gia pol\u00edtica de Keir Starmer antes de se demitir devido ao surgimento de mensagens inadequadas enviadas em 2017, compartilhou [&hellip;]<\/p>\n","protected":false},"author":23,"featured_media":170189,"comment_status":"open","ping_status":"open","sticky":false,"template":"","format":"standard","meta":{"_acf_changed":false,"inline_featured_image":false,"footnotes":""},"categories":[550],"tags":[],"class_list":["post-170194","post","type-post","status-publish","format-standard","has-post-thumbnail","hentry","category-politics-laws"],"acf":[],"_links":{"self":[{"href":"https:\/\/pointer-news.com\/pt-br\/wp-json\/wp\/v2\/posts\/170194","targetHints":{"allow":["GET"]}}],"collection":[{"href":"https:\/\/pointer-news.com\/pt-br\/wp-json\/wp\/v2\/posts"}],"about":[{"href":"https:\/\/pointer-news.com\/pt-br\/wp-json\/wp\/v2\/types\/post"}],"author":[{"embeddable":true,"href":"https:\/\/pointer-news.com\/pt-br\/wp-json\/wp\/v2\/users\/23"}],"replies":[{"embeddable":true,"href":"https:\/\/pointer-news.com\/pt-br\/wp-json\/wp\/v2\/comments?post=170194"}],"version-history":[{"count":1,"href":"https:\/\/pointer-news.com\/pt-br\/wp-json\/wp\/v2\/posts\/170194\/revisions"}],"predecessor-version":[{"id":170197,"href":"https:\/\/pointer-news.com\/pt-br\/wp-json\/wp\/v2\/posts\/170194\/revisions\/170197"}],"wp:featuredmedia":[{"embeddable":true,"href":"https:\/\/pointer-news.com\/pt-br\/wp-json\/wp\/v2\/media\/170189"}],"wp:attachment":[{"href":"https:\/\/pointer-news.com\/pt-br\/wp-json\/wp\/v2\/media?parent=170194"}],"wp:term":[{"taxonomy":"category","embeddable":true,"href":"https:\/\/pointer-news.com\/pt-br\/wp-json\/wp\/v2\/categories?post=170194"},{"taxonomy":"post_tag","embeddable":true,"href":"https:\/\/pointer-news.com\/pt-br\/wp-json\/wp\/v2\/tags?post=170194"}],"curies":[{"name":"wp","href":"https:\/\/api.w.org\/{rel}","templated":true}]}}