{"id":170250,"date":"2026-01-03T07:01:12","date_gmt":"2026-01-03T05:01:12","guid":{"rendered":"https:\/\/pointer-news.com\/?p=170250"},"modified":"2026-01-03T07:01:24","modified_gmt":"2026-01-03T05:01:24","slug":"littler-se-prepara-para-enfrentar-van-veen-na-final-do-campeonato-mundial-de-dardos","status":"publish","type":"post","link":"https:\/\/pointer-news.com\/pt-br\/littler-se-prepara-para-enfrentar-van-veen-na-final-do-campeonato-mundial-de-dardos\/","title":{"rendered":"Littler se prepara para enfrentar Van Veen na final do Campeonato Mundial de Dardos"},"content":{"rendered":"<p><body><\/p>\n<div class=\"article-content\">\n<p>Em um desdobramento empolgante, Luke Littler e Gian van Veen sa\u00edram vitoriosos de suas respectivas partidas semifinais no Campeonato Mundial de Dardos da PDC. Ambos os jogadores demonstraram habilidades not\u00e1veis e determina\u00e7\u00e3o, preparando o cen\u00e1rio para uma final eletrizante neste s\u00e1bado.<\/p>\n<p>A trajet\u00f3ria de Littler no torneio tem sido realmente impressionante, pois ele tem apresentado desempenhos consistentes e fortes. Por outro lado, Van Veen tamb\u00e9m revelou um talento excepcional, superando uma competi\u00e7\u00e3o dif\u00edcil para garantir seu lugar no confronto pelo t\u00edtulo.<\/p>\n<p>A expectativa para essa final \u00e9 palp\u00e1vel, com os f\u00e3s ansiosos pelo embate entre essas duas estrelas em ascens\u00e3o no mundo dos dardos. Com ambos os jogadores determinados a conquistar o t\u00e3o desejado t\u00edtulo, a partida promete ser um espet\u00e1culo repleto de tens\u00e3o e emo\u00e7\u00e3o.<\/p>\n<p>Com a chegada do fim de semana, o palco est\u00e1 montado para o que pode ser um encontro hist\u00f3rico. Tanto Littler quanto Van Veen almejam deixar sua marca neste prestigioso torneio, tornando-o um evento imperd\u00edvel para os entusiastas dos dardos ao redor do mundo.<\/p>\n<\/div>\n<p><\/body><\/p>\n","protected":false},"excerpt":{"rendered":"<p>Em um desdobramento empolgante, Luke Littler e Gian van Veen sa\u00edram vitoriosos de suas respectivas partidas semifinais no Campeonato Mundial de Dardos da PDC. Ambos os jogadores demonstraram habilidades not\u00e1veis e determina\u00e7\u00e3o, preparando o cen\u00e1rio para uma final eletrizante neste s\u00e1bado. A trajet\u00f3ria de Littler no torneio tem sido realmente impressionante, pois ele tem apresentado [&hellip;]<\/p>\n","protected":false},"author":23,"featured_media":170245,"comment_status":"open","ping_status":"open","sticky":false,"template":"","format":"standard","meta":{"_acf_changed":false,"inline_featured_image":false,"footnotes":""},"categories":[552],"tags":[],"class_list":["post-170250","post","type-post","status-publish","format-standard","has-post-thumbnail","hentry","category-sports-health"],"acf":[],"_links":{"self":[{"href":"https:\/\/pointer-news.com\/pt-br\/wp-json\/wp\/v2\/posts\/170250","targetHints":{"allow":["GET"]}}],"collection":[{"href":"https:\/\/pointer-news.com\/pt-br\/wp-json\/wp\/v2\/posts"}],"about":[{"href":"https:\/\/pointer-news.com\/pt-br\/wp-json\/wp\/v2\/types\/post"}],"author":[{"embeddable":true,"href":"https:\/\/pointer-news.com\/pt-br\/wp-json\/wp\/v2\/users\/23"}],"replies":[{"embeddable":true,"href":"https:\/\/pointer-news.com\/pt-br\/wp-json\/wp\/v2\/comments?post=170250"}],"version-history":[{"count":1,"href":"https:\/\/pointer-news.com\/pt-br\/wp-json\/wp\/v2\/posts\/170250\/revisions"}],"predecessor-version":[{"id":170253,"href":"https:\/\/pointer-news.com\/pt-br\/wp-json\/wp\/v2\/posts\/170250\/revisions\/170253"}],"wp:featuredmedia":[{"embeddable":true,"href":"https:\/\/pointer-news.com\/pt-br\/wp-json\/wp\/v2\/media\/170245"}],"wp:attachment":[{"href":"https:\/\/pointer-news.com\/pt-br\/wp-json\/wp\/v2\/media?parent=170250"}],"wp:term":[{"taxonomy":"category","embeddable":true,"href":"https:\/\/pointer-news.com\/pt-br\/wp-json\/wp\/v2\/categories?post=170250"},{"taxonomy":"post_tag","embeddable":true,"href":"https:\/\/pointer-news.com\/pt-br\/wp-json\/wp\/v2\/tags?post=170250"}],"curies":[{"name":"wp","href":"https:\/\/api.w.org\/{rel}","templated":true}]}}