{"id":170667,"date":"2026-01-05T07:00:43","date_gmt":"2026-01-05T05:00:43","guid":{"rendered":"https:\/\/pointer-news.com\/?p=170667"},"modified":"2026-01-05T07:00:58","modified_gmt":"2026-01-05T05:00:58","slug":"amorim-afirma-seu-papel-como-treinador-em-meio-a-incerteza-no-manchester-united","status":"publish","type":"post","link":"https:\/\/pointer-news.com\/pt-br\/amorim-afirma-seu-papel-como-treinador-em-meio-a-incerteza-no-manchester-united\/","title":{"rendered":"Amorim Afirma Seu Papel como Treinador em Meio \u00e0 Incerteza no Manchester United"},"content":{"rendered":"<p><body><\/p>\n<div class=\"article-content\">\n<p>Ruben Amorim deixou claro que sua prioridade \u00e9 concentrar-se em suas responsabilidades como treinador, ao inv\u00e9s de assumir fun\u00e7\u00f5es de treinamento, ap\u00f3s o recente empate do Manchester United contra o Leeds. Suas declara\u00e7\u00f5es indicam um desejo de firmar sua autoridade dentro da hierarquia do clube.<\/p>\n<p>Ap\u00f3s a partida, Amorim lan\u00e7ou um desafio \u00e0 lideran\u00e7a do clube, pedindo que lhe fosse concedida a liberdade para desempenhar seu papel de forma eficaz. Ele ressaltou seu comprometimento com a equipe, sinalizando uma necessidade cr\u00edtica de clareza em sua posi\u00e7\u00e3o.<\/p>\n<p>Em uma revela\u00e7\u00e3o franca, Amorim tamb\u00e9m expressou sua inten\u00e7\u00e3o de se desligar do clube em um ano e meio. Esse prazo levanta questionamentos sobre a futura dire\u00e7\u00e3o do Manchester United e se ele conseguir\u00e1 lidar com os desafios que est\u00e3o por vir.<\/p>\n<p>As declara\u00e7\u00f5es do treinador portugu\u00eas refletem uma crescente tens\u00e3o dentro da organiza\u00e7\u00e3o, enquanto ele busca estabelecer sua vis\u00e3o para a equipe, ao mesmo tempo em que administra as expectativas tanto da diretoria quanto dos torcedores. Neste momento decisivo, a pergunta permanece: conseguir\u00e1 Amorim garantir seu lugar \u00e0 frente do time em meio \u00e0s crescentes press\u00f5es?<\/p>\n<\/div>\n<p><\/body><\/p>\n","protected":false},"excerpt":{"rendered":"<p>Ruben Amorim deixou claro que sua prioridade \u00e9 concentrar-se em suas responsabilidades como treinador, ao inv\u00e9s de assumir fun\u00e7\u00f5es de treinamento, ap\u00f3s o recente empate do Manchester United contra o Leeds. Suas declara\u00e7\u00f5es indicam um desejo de firmar sua autoridade dentro da hierarquia do clube. Ap\u00f3s a partida, Amorim lan\u00e7ou um desafio \u00e0 lideran\u00e7a do [&hellip;]<\/p>\n","protected":false},"author":23,"featured_media":170662,"comment_status":"open","ping_status":"open","sticky":false,"template":"","format":"standard","meta":{"_acf_changed":false,"inline_featured_image":false,"footnotes":""},"categories":[552],"tags":[569],"class_list":["post-170667","post","type-post","status-publish","format-standard","has-post-thumbnail","hentry","category-sports-health","tag-soccer"],"acf":[],"_links":{"self":[{"href":"https:\/\/pointer-news.com\/pt-br\/wp-json\/wp\/v2\/posts\/170667","targetHints":{"allow":["GET"]}}],"collection":[{"href":"https:\/\/pointer-news.com\/pt-br\/wp-json\/wp\/v2\/posts"}],"about":[{"href":"https:\/\/pointer-news.com\/pt-br\/wp-json\/wp\/v2\/types\/post"}],"author":[{"embeddable":true,"href":"https:\/\/pointer-news.com\/pt-br\/wp-json\/wp\/v2\/users\/23"}],"replies":[{"embeddable":true,"href":"https:\/\/pointer-news.com\/pt-br\/wp-json\/wp\/v2\/comments?post=170667"}],"version-history":[{"count":1,"href":"https:\/\/pointer-news.com\/pt-br\/wp-json\/wp\/v2\/posts\/170667\/revisions"}],"predecessor-version":[{"id":170670,"href":"https:\/\/pointer-news.com\/pt-br\/wp-json\/wp\/v2\/posts\/170667\/revisions\/170670"}],"wp:featuredmedia":[{"embeddable":true,"href":"https:\/\/pointer-news.com\/pt-br\/wp-json\/wp\/v2\/media\/170662"}],"wp:attachment":[{"href":"https:\/\/pointer-news.com\/pt-br\/wp-json\/wp\/v2\/media?parent=170667"}],"wp:term":[{"taxonomy":"category","embeddable":true,"href":"https:\/\/pointer-news.com\/pt-br\/wp-json\/wp\/v2\/categories?post=170667"},{"taxonomy":"post_tag","embeddable":true,"href":"https:\/\/pointer-news.com\/pt-br\/wp-json\/wp\/v2\/tags?post=170667"}],"curies":[{"name":"wp","href":"https:\/\/api.w.org\/{rel}","templated":true}]}}