{"id":170730,"date":"2026-01-05T14:02:34","date_gmt":"2026-01-05T12:02:34","guid":{"rendered":"https:\/\/pointer-news.com\/?p=170730"},"modified":"2026-01-05T14:02:48","modified_gmt":"2026-01-05T12:02:48","slug":"o-que-motiva-a-mudanca-do-primeiro-ministro-em-direcao-a-relacoes-europeias-mais-fortes","status":"publish","type":"post","link":"https:\/\/pointer-news.com\/pt-br\/o-que-motiva-a-mudanca-do-primeiro-ministro-em-direcao-a-relacoes-europeias-mais-fortes\/","title":{"rendered":"O que Motiva a Mudan\u00e7a do Primeiro-Ministro em Dire\u00e7\u00e3o a Rela\u00e7\u00f5es Europeias Mais Fortes?"},"content":{"rendered":"<p><body><\/p>\n<div class=\"article-content\">\n<p>No \u00faltimo s\u00e1bado, o primeiro-ministro fez uma mudan\u00e7a significativa em rela\u00e7\u00e3o \u00e0 rela\u00e7\u00e3o do Reino Unido com a Uni\u00e3o Europeia ap\u00f3s o Brexit. Essa decis\u00e3o visa transmitir mensagens importantes ao setor empresarial, a Bruxelas, diversas capitais europeias e aos membros de seu pr\u00f3prio partido.<\/p>\n<p>As rela\u00e7\u00f5es econ\u00f4micas futuras entre o Reino Unido e a UE agora devem ser tratadas por meio de uma s\u00e9rie anual de discuss\u00f5es bilaterais, ao inv\u00e9s de se limitarem \u00e0 revis\u00e3o formal do acordo existente entre Reino Unido e UE deste ano. Essa abordagem \u00e9 a resposta de Downing Street a questionamentos pol\u00edticos crescentes sobre uma reconfigura\u00e7\u00e3o mais ambiciosa do Brexit, que poderia incluir a reintegra\u00e7\u00e3o \u00e0 uni\u00e3o aduaneira.<\/p>\n<p>Demandas por essa mudan\u00e7a ganharam for\u00e7a entre certos parlamentares do Partido Trabalhista, l\u00edderes sindicais e membros do gabinete, especialmente influenciadas pelas iniciativas dos Liberal-Democratas no Parlamento no ano passado, que culminaram em uma vota\u00e7\u00e3o n\u00e3o vinculativa.<\/p>\n<p>Em uma conversa com um rep\u00f3rter, Sir Keir Starmer esclareceu que seguir essa dire\u00e7\u00e3o n\u00e3o \u00e9 uma prioridade no momento, pois contraria o que ele considera ser uma grande conquista do ano passado: o estabelecimento de acordos comerciais de alta qualidade com os Estados Unidos e a \u00cdndia, com mais acordos esperados no Oriente M\u00e9dio.<\/p>\n<p>Em vez de se reintegrar \u00e0 uni\u00e3o aduaneira, Sir Keir destacou a import\u00e2ncia de promover uma &#8220;rela\u00e7\u00e3o mais pr\u00f3xima&#8221; com o mercado \u00fanico, que n\u00e3o exigiria a desmantela\u00e7\u00e3o dos recentes acordos comerciais estabelecidos em outros lugares. Ele afirmou: &#8220;Estamos em uma posi\u00e7\u00e3o melhor ao nos voltarmos para o mercado \u00fanico em vez da uni\u00e3o aduaneira para nosso alinhamento futuro.&#8221;<\/p>\n<p>Quando o Reino Unido deixou oficialmente o mercado \u00fanico e a uni\u00e3o aduaneira da UE em<time>31:12 UTC<\/time>de 2020, o acordo de Boris Johnson priorizou a independ\u00eancia das regulamenta\u00e7\u00f5es da UE em detrimento do com\u00e9rcio sem barreiras para os exportadores brit\u00e2nicos no continente. Agora, a proposta de &#8220;rein\u00edcio do Brexit&#8221; de Sir Keir visa alinhar-se \u00e0s regulamenta\u00e7\u00f5es da UE em tr\u00eas setores espec\u00edficos para facilitar um com\u00e9rcio mais fluido: exporta\u00e7\u00f5es de alimentos e agr\u00edcolas, eletricidade e com\u00e9rcio de emiss\u00f5es.<\/p>\n<p>No m\u00eas passado, as C\u00e2maras de Com\u00e9rcio Brit\u00e2nicas divulgaram um relat\u00f3rio detalhando pedidos adicionais de v\u00e1rios setores visando ajudar os exportadores a navegarem pelos desafios burocr\u00e1ticos p\u00f3s-Brexit que impactaram o com\u00e9rcio de bens. A pesquisa revelou que uma vasta maioria de 989 membros empresariais acreditava que o atual arranjo comercial Reino Unido-UE n\u00e3o favorecia o crescimento das vendas.<\/p>\n<p>Al\u00e9m disso, v\u00e1rios outros setores poderiam potencialmente adotar um alinhamento semelhante com as regulamenta\u00e7\u00f5es do mercado \u00fanico para mitigar os obst\u00e1culos p\u00f3s-Brexit na manufatura, incluindo automotivo e qu\u00edmicos, assim como arranjos de IVA.<\/p>\n<p>Capitais europeias expressaram decep\u00e7\u00e3o com a aparente falta de ambi\u00e7\u00e3o no rein\u00edcio do ano passado, especialmente em rela\u00e7\u00e3o \u00e0 rejei\u00e7\u00e3o do Reino Unido a propostas para uma reentrada virtual de bens brit\u00e2nicos no mercado \u00fanico. Os detalhes sobre arranjos de eletricidade e padr\u00f5es de alimentos e agr\u00edcolas ainda precisam ser finalizados.<\/p>\n<p>Uma proposta para que fabricantes brit\u00e2nicos participem do fundo de empr\u00e9stimos de defesa do \u20ac150 bilh\u00f5es (\u00a3131 bilh\u00f5es) do Security Action For Europe est\u00e1 paralisada devido a diverg\u00eancias sobre taxas de ades\u00e3o, especialmente obje\u00e7\u00f5es da Fran\u00e7a, enquanto o Canad\u00e1 j\u00e1 se uniu \u00e0 iniciativa.<\/p>\n<p>O Reino Unido chegou a um acordo para reintegrar-se ao programa de interc\u00e2mbio universit\u00e1rio Erasmus e est\u00e1 trabalhando para negociar um esquema de emprego juvenil. Esses desenvolvimentos abriram caminho para mais discuss\u00f5es entre o Reino Unido e a UE.<\/p>\n<p>Fontes internas do governo brit\u00e2nico sugerem que a divulga\u00e7\u00e3o da Estrat\u00e9gia de Seguran\u00e7a Nacional (NSS) dos EUA no m\u00eas passado alterou o cen\u00e1rio das rela\u00e7\u00f5es entre o Reino Unido e a Europa. A NSS enfatizou a inten\u00e7\u00e3o dos EUA de &#8220;cultivar resist\u00eancia \u00e0 trajet\u00f3ria atual da Europa dentro das na\u00e7\u00f5es europeias&#8221;, ao mesmo tempo que elogiou a ascens\u00e3o de partidos patri\u00f3ticos em todo o continente.<\/p>\n<p>Em Downing Street, h\u00e1 um reconhecimento de que o contexto global em r\u00e1pida evolu\u00e7\u00e3o continua a mudar. No \u00e2mbito dom\u00e9stico, o Partido Trabalhista prev\u00ea ser superado no Brexit n\u00e3o apenas pelos Liberal-Democratas, mas tamb\u00e9m pelo Partido Verde, que est\u00e1 focado nas bases fortes do Trabalhista em Londres antes das elei\u00e7\u00f5es municipais em maio.<\/p>\n<p>Os coment\u00e1rios recentes do primeiro-ministro surgem de uma complexa intera\u00e7\u00e3o de fatores econ\u00f4micos, pol\u00edticos e geopol\u00edticos, enquanto o Reino Unido se aproxima do d\u00e9cimo anivers\u00e1rio do referendo sobre o Brexit.<\/p>\n<\/div>\n<p><\/body><\/p>\n","protected":false},"excerpt":{"rendered":"<p>No \u00faltimo s\u00e1bado, o primeiro-ministro fez uma mudan\u00e7a significativa em rela\u00e7\u00e3o \u00e0 rela\u00e7\u00e3o do Reino Unido com a Uni\u00e3o Europeia ap\u00f3s o Brexit. Essa decis\u00e3o visa transmitir mensagens importantes ao setor empresarial, a Bruxelas, diversas capitais europeias e aos membros de seu pr\u00f3prio partido. As rela\u00e7\u00f5es econ\u00f4micas futuras entre o Reino Unido e a UE [&hellip;]<\/p>\n","protected":false},"author":23,"featured_media":170725,"comment_status":"open","ping_status":"open","sticky":false,"template":"","format":"standard","meta":{"_acf_changed":false,"inline_featured_image":false,"footnotes":""},"categories":[548],"tags":[],"class_list":["post-170730","post","type-post","status-publish","format-standard","has-post-thumbnail","hentry","category-business-finance"],"acf":[],"_links":{"self":[{"href":"https:\/\/pointer-news.com\/pt-br\/wp-json\/wp\/v2\/posts\/170730","targetHints":{"allow":["GET"]}}],"collection":[{"href":"https:\/\/pointer-news.com\/pt-br\/wp-json\/wp\/v2\/posts"}],"about":[{"href":"https:\/\/pointer-news.com\/pt-br\/wp-json\/wp\/v2\/types\/post"}],"author":[{"embeddable":true,"href":"https:\/\/pointer-news.com\/pt-br\/wp-json\/wp\/v2\/users\/23"}],"replies":[{"embeddable":true,"href":"https:\/\/pointer-news.com\/pt-br\/wp-json\/wp\/v2\/comments?post=170730"}],"version-history":[{"count":1,"href":"https:\/\/pointer-news.com\/pt-br\/wp-json\/wp\/v2\/posts\/170730\/revisions"}],"predecessor-version":[{"id":170733,"href":"https:\/\/pointer-news.com\/pt-br\/wp-json\/wp\/v2\/posts\/170730\/revisions\/170733"}],"wp:featuredmedia":[{"embeddable":true,"href":"https:\/\/pointer-news.com\/pt-br\/wp-json\/wp\/v2\/media\/170725"}],"wp:attachment":[{"href":"https:\/\/pointer-news.com\/pt-br\/wp-json\/wp\/v2\/media?parent=170730"}],"wp:term":[{"taxonomy":"category","embeddable":true,"href":"https:\/\/pointer-news.com\/pt-br\/wp-json\/wp\/v2\/categories?post=170730"},{"taxonomy":"post_tag","embeddable":true,"href":"https:\/\/pointer-news.com\/pt-br\/wp-json\/wp\/v2\/tags?post=170730"}],"curies":[{"name":"wp","href":"https:\/\/api.w.org\/{rel}","templated":true}]}}