{"id":170782,"date":"2026-01-05T18:33:23","date_gmt":"2026-01-05T16:33:23","guid":{"rendered":"https:\/\/pointer-news.com\/?p=170782"},"modified":"2026-01-05T18:33:34","modified_gmt":"2026-01-05T16:33:34","slug":"desvendando-taticas-transferencias-e-turbulencias-a-queda-de-amorim","status":"publish","type":"post","link":"https:\/\/pointer-news.com\/pt-br\/desvendando-taticas-transferencias-e-turbulencias-a-queda-de-amorim\/","title":{"rendered":"Desvendando T\u00e1ticas, Transfer\u00eancias e Turbul\u00eancias: A Queda de Amorim"},"content":{"rendered":"<p><body><\/p>\n<div class=\"article-content\">\n<p>A impress\u00e3o duradoura da breve passagem de Ruben Amorim pelo Manchester United, que durou apenas 14 meses, pode ser sua figura desolada no banco de reservas durante um desastre no<strong style=\"margin-left: 0.3em; margin-right: 0.3em;\">Carabao Cup<\/strong>contra o Grimsby.<\/p>\n<p>Esse<strong style=\"margin-left: 0.3em; margin-right: 0.3em;\">jogo<\/strong>, realizado em agosto, resultou em uma humilhante derrota por 12-11 nos p\u00eanaltis, marcando a primeira vez na hist\u00f3ria do clube que ele sucumbiu a um time da quarta divis\u00e3o.<\/p>\n<p>Ap\u00f3s a partida, os coment\u00e1rios de Amorim insinuaram que ele estava \u00e0 beira de reconhecer que a fun\u00e7\u00e3o estava al\u00e9m de suas capacidades. No entanto, ele recuou mais tarde, atribuindo seu acesso emocional \u00e0 press\u00e3o do momento, afirmando que frequentemente deixa suas emo\u00e7\u00f5es dominarem.<\/p>\n<p>Apesar de enfrentar cr\u00edticas crescentes, Amorim manteve-se firme em sua abordagem. Um observador atento da equipe notou que, embora suas apari\u00e7\u00f5es na m\u00eddia fossem cativantes, elas poderiam ser sua \u00fanica \u00e1rea de compet\u00eancia, uma cr\u00edtica brutalmente honesta, mas possivelmente injusta.<\/p>\n<p>Seu \u00faltimo<strong style=\"margin-left: 0.3em; margin-right: 0.3em;\">jogo<\/strong>\u00e0 frente da equipe terminou em um empate de 1-1 contra o Leeds, um resultado que posicionou a equipe em um respeit\u00e1vel sexto lugar na<strong style=\"margin-left: 0.3em; margin-right: 0.3em;\">Premier League<\/strong>. No entanto, esse resultado foi eclipsado por suas declara\u00e7\u00f5es controversas a jornalistas apenas alguns dias antes.<\/p>\n<p>Na sua sess\u00e3o com a m\u00eddia na sexta-feira, ele sutilmente reconheceu divis\u00f5es dentro do<strong style=\"margin-left: 0.3em; margin-right: 0.3em;\">squad<\/strong>. Ap\u00f3s a partida, fez uma declara\u00e7\u00e3o desafiadora, afirmando que n\u00e3o iria renunciar, for\u00e7ando efetivamente o clube a apoiar sua posi\u00e7\u00e3o ou rescindir seu contrato.<\/p>\n<p>Com os problemas t\u00e1ticos persistindo e a diretoria j\u00e1 insatisfeita com seu tratamento rigoroso dos talentos da academia e as observa\u00e7\u00f5es dirigidas aos jogadores mais experientes, a op\u00e7\u00e3o de demiss\u00e3o parecia inevit\u00e1vel.<\/p>\n<p>\u00c0 medida que as repercuss\u00f5es de sua passagem se desenrolam, um olhar mais profundo sobre o tempo de Amorim como treinador revela os diversos fatores que levaram \u00e0 sua sa\u00edda.<\/p>\n<h2>Uma Contrata\u00e7\u00e3o Progressiva Que Deu Errado<\/h2>\n<p>Inicialmente, a contrata\u00e7\u00e3o de Amorim foi celebrada como um passo progressista para o clube, trazendo um treinador moderno pronto para crescer dentro de uma estrutura organizada.<\/p>\n<p>O t\u00e9cnico de 40 anos introduziu um estilo de jogo distinto, caracterizado por uma forma\u00e7\u00e3o 3-4-3 que lembrava seu tempo no Sporting. Quanto mais era questionado sobre esse sistema, mais ele se agarrava a ele, acreditando que alterar suas t\u00e1ticas minaria sua autoridade e compromisso aos olhos de seus jogadores.<\/p>\n<p>Sua confian\u00e7a em seus m\u00e9todos era inabal\u00e1vel; ele chegou a brincar que nem o Papa poderia convenc\u00ea-lo a mudar. No entanto, ele reconheceu em outubro que precisou instruir repetidamente seus jogadores a desconsiderar as cr\u00edticas externas que pediam mudan\u00e7as em sua abordagem t\u00e1tica.<\/p>\n<blockquote><p>\u201cA m\u00eddia vai ditar o que eu vou fazer? N\u00e3o pode ser. N\u00e3o \u00e9 poss\u00edvel sustentar isso,\u201d afirmou Amorim. \u201cMas meus jogadores, garanto a voc\u00ea, eles est\u00e3o ouvindo e est\u00e3o absorvendo isso porque n\u00e3o estamos ganhando jogos.\u201d<\/p><\/blockquote>\n<p>Essa situa\u00e7\u00e3o atingiu seu \u00e1pice em 30 de dezembro, quando, poucos dias ap\u00f3s experimentar uma defesa com quatro jogadores em uma vit\u00f3ria apertada sobre o Newcastle, ele voltou a usar tr\u00eas defensores contra o Wolves.<\/p>\n<p>Essa mudan\u00e7a t\u00e1tica significou reposicionar Patrick Dorgu de um papel de ataque bem-sucedido para a ala esquerda, deixando os torcedores tanto chocados quanto frustrados.<\/p>\n<p>Nesse momento, o United j\u00e1 havia tentado atrair o alvo de longa data Antoine Semenyo do Bournemouth, prometendo-lhe uma posi\u00e7\u00e3o na ala esquerda, sinalizando que o clube previa um futuro que divergia do modelo 3-4-3, especialmente ap\u00f3s investir mais de \u00a3200 milh\u00f5es em jogadores de ataque.<\/p>\n<p>Assim, a decis\u00e3o de utilizar a forma\u00e7\u00e3o antiga contra o Wolves e o consequente empate de 1-1 contra uma equipe que havia conquistado apenas dois pontos em toda a temporada foi recebida com significativa desaprova\u00e7\u00e3o interna.<\/p>\n<h2>Colapso na Comunica\u00e7\u00e3o e Rigidez T\u00e1tica<\/h2>\n<p>O diretor t\u00e9cnico Jason Wilcox pediu em particular a Amorim que adotasse uma maior flexibilidade t\u00e1tica, mas a equipe continuou a usar a defesa de tr\u00eas contra o Leeds, tensionando ainda mais seu relacionamento com a diretoria do clube.<\/p>\n<p>Amorim expressou o desejo de trabalhar de forma independente, livre daquilo que via como interfer\u00eancias indesejadas de Wilcox, enquanto o clube considerava esse feedback como uma pr\u00e1tica padr\u00e3o, uma din\u00e2mica que se tornara cada vez mais disfuncional.<\/p>\n<p>Apesar de ocupar a sexta posi\u00e7\u00e3o, alinhada com as previs\u00f5es de pr\u00e9-temporada, observadores dentro do clube sentiam que, com pequenos ajustes t\u00e1ticos, o<strong style=\"margin-left: 0.3em; margin-right: 0.3em;\">squad<\/strong>poderia alcan\u00e7ar resultados significativamente melhores.<\/p>\n<p>Na manh\u00e3 de segunda-feira, Wilcox e o CEO Omar Berrada informaram a Amorim sobre sua demiss\u00e3o. Embora os resultados frequentemente tenham sido decepcionantes, os jogadores continuavam a apoi\u00e1-lo\u2014pelo menos aqueles que n\u00e3o estavam exilados no &#8216;bomb squad&#8217; no in\u00edcio da temporada.<\/p>\n<h2>A Abordagem \u00danica de Amorim e o Futuro<\/h2>\n<p>Durante a turn\u00ea de ver\u00e3o do clube nos Estados Unidos, havia uma palp\u00e1vel empolga\u00e7\u00e3o entre os jogadores para a temporada que se aproximava, apesar dos m\u00e9todos n\u00e3o convencionais de Amorim.<\/p>\n<p>Notavelmente, durante as sess\u00f5es de treinamento, ele frequentemente observava \u00e0 dist\u00e2ncia, aparentemente desengajado, antes de assumir um papel mais ativo assim que os treinos come\u00e7avam, embora relutasse em permitir o acesso da m\u00eddia.<\/p>\n<p>Em contraste, seu treinamento na pr\u00e9-temporada em Chicago foi envolto em segredo, com a participa\u00e7\u00e3o da m\u00eddia limitada, o que contrastava fortemente com a abertura das sess\u00f5es anteriores na Mal\u00e1sia.<\/p>\n<p>A meticulosa prepara\u00e7\u00e3o de Amorim era evidente; durante sua primeira sess\u00e3o de treinamento, ele orientou cuidadosamente o meio-campista Kobbie Mainoo sobre seus movimentos ap\u00f3s um passe para garantir o posicionamento ideal para as jogadas subsequentes.<\/p>\n<p>Apesar de sua abordagem detalhada, as situa\u00e7\u00f5es reais de jogo frequentemente tomavam reviravoltas inesperadas, levando a escolhas question\u00e1veis de jogadores, como a posi\u00e7\u00e3o de Mason Mount como ala esquerda, que gerou cr\u00edticas severas ap\u00f3s uma derrota de 3-1 para o Brentford.<\/p>\n<p>Informa\u00e7\u00f5es sobre o processo de contrata\u00e7\u00e3o de treinadores normalmente emergem apenas ap\u00f3s um tempo consider\u00e1vel, mas este caso \u00e9 uma exce\u00e7\u00e3o.<\/p>\n<p>Cinco meses ap\u00f3s o United contratar Dan Ashworth como diretor esportivo de alto n\u00edvel, ele deixou o cargo ap\u00f3s suas recomenda\u00e7\u00f5es para o sucessor de Erik ten Hag serem consideradas sem criatividade.<\/p>\n<p>Berrada acabou convencendo Amorim a se juntar, insistindo que era uma situa\u00e7\u00e3o de &#8216;agora ou nunca&#8217; quando Amorim questionou sobre adiar sua chegada at\u00e9 o final da temporada.<\/p>\n<p>Naquele momento, a lideran\u00e7a do clube inclu\u00eda Wilcox, Vivell como diretor de recrutamento interino, e Sir Dave Brailsford como diretor de futebol. Enquanto os tr\u00eas primeiros permanecem figuras influentes no recrutamento, Brailsford mudou seu foco para responsabilidades mais amplas dentro da Ineos.<\/p>\n<h2>Refletindo Sobre uma Passagem Fracassada<\/h2>\n<p>\u00c0 medida que o p\u00f3 assenta sobre mais uma contrata\u00e7\u00e3o de treinador malsucedida, o foco agora se volta tanto para a hierarquia do clube quanto para Amorim.<\/p>\n<p>Fontes internas do clube acreditavam que Amorim havia se comprometido a adaptar suas t\u00e1ticas durante as discuss\u00f5es, mas sua falha em cumprir essa promessa se tornou uma fonte de frustra\u00e7\u00e3o para a gest\u00e3o.<\/p>\n<p>Sob sua lideran\u00e7a, o United experimentou decl\u00ednios que parecem incompreens\u00edveis, dada a atual paisagem financeira do futebol.<\/p>\n<p>Como o quarto clube mais rico do mundo, segundo os rankings da Deloitte, eles t\u00eam lutado principalmente para competir contra equipes menores bem organizadas como Brentford e Brighton, terminando a \u00faltima temporada atr\u00e1s do West Ham e igualados em pontos com o Wolves.<\/p>\n<p>Amorim entrou no ver\u00e3o com garantias de que a atual temporada traria melhorias. Embora tenha havido alguns avan\u00e7os, a quest\u00e3o permanece se um treinador do United deve ser avaliado apenas com base em um 15\u00ba lugar.<\/p>\n<p>No entanto, a an\u00e1lise n\u00e3o pode recair exclusivamente sobre o t\u00e9cnico. O clube estava ciente dos desafios que estava enfrentando. A pergunta persistia: o que Ratcliffe&#8217;s&#8230;<\/p>\n<\/div>\n<p><\/body><\/p>\n","protected":false},"excerpt":{"rendered":"<p>A impress\u00e3o duradoura da breve passagem de Ruben Amorim pelo Manchester United, que durou apenas 14 meses, pode ser sua figura desolada no banco de reservas durante um desastre noCarabao Cupcontra o Grimsby. Essejogo, realizado em agosto, resultou em uma humilhante derrota por 12-11 nos p\u00eanaltis, marcando a primeira vez na hist\u00f3ria do clube que [&hellip;]<\/p>\n","protected":false},"author":23,"featured_media":170777,"comment_status":"open","ping_status":"open","sticky":false,"template":"","format":"standard","meta":{"_acf_changed":false,"inline_featured_image":false,"footnotes":""},"categories":[552],"tags":[569],"class_list":["post-170782","post","type-post","status-publish","format-standard","has-post-thumbnail","hentry","category-sports-health","tag-soccer"],"acf":[],"_links":{"self":[{"href":"https:\/\/pointer-news.com\/pt-br\/wp-json\/wp\/v2\/posts\/170782","targetHints":{"allow":["GET"]}}],"collection":[{"href":"https:\/\/pointer-news.com\/pt-br\/wp-json\/wp\/v2\/posts"}],"about":[{"href":"https:\/\/pointer-news.com\/pt-br\/wp-json\/wp\/v2\/types\/post"}],"author":[{"embeddable":true,"href":"https:\/\/pointer-news.com\/pt-br\/wp-json\/wp\/v2\/users\/23"}],"replies":[{"embeddable":true,"href":"https:\/\/pointer-news.com\/pt-br\/wp-json\/wp\/v2\/comments?post=170782"}],"version-history":[{"count":1,"href":"https:\/\/pointer-news.com\/pt-br\/wp-json\/wp\/v2\/posts\/170782\/revisions"}],"predecessor-version":[{"id":170785,"href":"https:\/\/pointer-news.com\/pt-br\/wp-json\/wp\/v2\/posts\/170782\/revisions\/170785"}],"wp:featuredmedia":[{"embeddable":true,"href":"https:\/\/pointer-news.com\/pt-br\/wp-json\/wp\/v2\/media\/170777"}],"wp:attachment":[{"href":"https:\/\/pointer-news.com\/pt-br\/wp-json\/wp\/v2\/media?parent=170782"}],"wp:term":[{"taxonomy":"category","embeddable":true,"href":"https:\/\/pointer-news.com\/pt-br\/wp-json\/wp\/v2\/categories?post=170782"},{"taxonomy":"post_tag","embeddable":true,"href":"https:\/\/pointer-news.com\/pt-br\/wp-json\/wp\/v2\/tags?post=170782"}],"curies":[{"name":"wp","href":"https:\/\/api.w.org\/{rel}","templated":true}]}}