{"id":171577,"date":"2026-01-10T14:02:05","date_gmt":"2026-01-10T12:02:05","guid":{"rendered":"https:\/\/pointer-news.com\/?p=171577"},"modified":"2026-01-10T14:02:17","modified_gmt":"2026-01-10T12:02:17","slug":"uniao-europeia-finaliza-acordo-comercial-com-a-america-do-sul-apos-25-anos-de-negociacoes","status":"publish","type":"post","link":"https:\/\/pointer-news.com\/pt-br\/uniao-europeia-finaliza-acordo-comercial-com-a-america-do-sul-apos-25-anos-de-negociacoes\/","title":{"rendered":"Uni\u00e3o Europeia Finaliza Acordo Comercial com a Am\u00e9rica do Sul Ap\u00f3s 25 Anos de Negocia\u00e7\u00f5es"},"content":{"rendered":"<p><body><\/p>\n<div class=\"article-content\">\n<p>Ap\u00f3s um intervalo de 25 anos de negocia\u00e7\u00f5es, a Uni\u00e3o Europeia conquistou com sucesso um acordo de livre com\u00e9rcio com pa\u00edses da Am\u00e9rica do Sul, superando a resist\u00eancia significativa de setores agr\u00edcolas em diversas na\u00e7\u00f5es da UE.<\/p>\n<p>Esse acordo com o bloco do Mercosul, que inclui Brasil, Argentina, Paraguai e Uruguai, agora aguarda a ratifica\u00e7\u00e3o do Parlamento Europeu nos pr\u00f3ximos meses.<\/p>\n<h2>Brasil Celebra um Marco<\/h2>\n<p>O presidente brasileiro Luiz In\u00e1cio Lula da Silva caracterizou o evento como um &#8220;momento hist\u00f3rico para o multilateralismo&#8221; ap\u00f3s a finaliza\u00e7\u00e3o do acordo em Bruxelas pelas quatro na\u00e7\u00f5es sul-americanas participantes.<\/p>\n<p>A declara\u00e7\u00e3o ocorre em um cen\u00e1rio global marcado pelas tarifas do presidente dos Estados Unidos, Donald Trump, que afetam diversos pa\u00edses, e suas recentes a\u00e7\u00f5es militares na Venezuela.<\/p>\n<h2>O Maior Acordo Comercial da UE At\u00e9 Agora<\/h2>\n<p>A UE proclamou o acordo como seu mais significativo at\u00e9 o momento, considerando-o uma situa\u00e7\u00e3o de &#8220;ganha-ganha&#8221;. Contudo, cr\u00edticos levantam preocupa\u00e7\u00f5es de que uma onda de importa\u00e7\u00f5es baratas possa prejudicar os agricultores europeus, especialmente em setores como carne bovina, aves e a\u00e7\u00facar.<\/p>\n<blockquote><p>&#8220;Em um mundo que se inclina cada vez mais para o protecionismo, este acordo serve como um forte endosse ao com\u00e9rcio internacional como um catalisador para o progresso econ\u00f4mico, beneficiando ambas as regi\u00f5es&#8221;, afirmou o presidente Lula em uma postagem na plataforma X.<\/p><\/blockquote>\n<p>Ursula von der Leyen, presidente da Comiss\u00e3o Europeia, destacou que o pacto deve trazer vantagens substanciais para consumidores e empresas em ambos os lados do Atl\u00e2ntico.<\/p>\n<h2>Protestos Eclodem em Toda a Europa<\/h2>\n<p>Em resposta ao acordo, agricultores de v\u00e1rias na\u00e7\u00f5es europeias realizaram protestos urgentes, com manifesta\u00e7\u00f5es que inclu\u00edram tratores na Fran\u00e7a e na B\u00e9lgica.<\/p>\n<p>&#8220;H\u00e1 muita dor&#8221;, comentou Judy Peeters, porta-voz de uma organiza\u00e7\u00e3o de jovens agricultores belgas, durante uma manifesta\u00e7\u00e3o em uma rodovia ao sul de Bruxelas. &#8220;H\u00e1 muita raiva em nossa comunidade.&#8221;<\/p>\n<h2>Abordando as Preocupa\u00e7\u00f5es dos Agricultores<\/h2>\n<p>Von der Leyen garantiu que a Comiss\u00e3o considerou as preocupa\u00e7\u00f5es dos agricultores, implementando &#8220;mecanismos de prote\u00e7\u00e3o robustos&#8221; com o intuito de salvaguardar seus meios de subsist\u00eancia dentro do acordo.<\/p>\n<p>Al\u00e9m de aprimorar as rela\u00e7\u00f5es comerciais e parcerias pol\u00edticas, a Comiss\u00e3o Europeia enfatizou que o acordo busca combater as mudan\u00e7as clim\u00e1ticas por meio de compromissos para prevenir o desmatamento e assegurar um fornecimento confi\u00e1vel de mat\u00e9rias-primas essenciais para a transi\u00e7\u00e3o verde global.<\/p>\n<h2>Implica\u00e7\u00f5es Econ\u00f4micas<\/h2>\n<p>Conforme a Comiss\u00e3o, o acordo deve proporcionar uma economia de cerca de \u20ac4 bilh\u00f5es (US$4,7 bilh\u00f5es, \u00a33,5 bilh\u00f5es) anualmente em taxas de exporta\u00e7\u00e3o para as empresas locais.<\/p>\n<p>As na\u00e7\u00f5es sul-americanas det\u00eam reservas significativas de ouro, cobre e outros minerais cr\u00edticos indispens\u00e1veis para energias renov\u00e1veis e tecnologias de baterias.<\/p>\n<h2>Significado Geopol\u00edtico<\/h2>\n<p>Cecilia Malmstr\u00f6m, ex-comiss\u00e1ria europeia para o Com\u00e9rcio que supervisionou as negocia\u00e7\u00f5es comerciais da UE por cinco anos, observou que certos componentes do acordo comercial podem ser suspensos se os pa\u00edses do Mercosul n\u00e3o cumprirem seus compromissos ambientais.<\/p>\n<blockquote><p>&#8220;Este acordo tamb\u00e9m envia uma mensagem geopol\u00edtica poderosa a outras na\u00e7\u00f5es que n\u00e3o compartilham nosso compromisso com o com\u00e9rcio baseado em regras&#8221;, observou ela.<\/p><\/blockquote>\n<p>Na tarde de sexta-feira, uma expressiva maioria dos Estados-membros da UE manifestou seu apoio ao acordo de livre com\u00e9rcio; no entanto, ele ainda requer a aprova\u00e7\u00e3o do Parlamento Europeu para entrar em vigor.<\/p>\n<p>Jack Allen-Reynolds, economista-chefe adjunto da zona do euro na Capital Economics, indicou que, embora o voto no Parlamento seja esperado para ser disputado, a preocupa\u00e7\u00e3o mais ampla reside no impacto real do acordo.<\/p>\n<p>Ele notou que as pr\u00f3prias estimativas da Comiss\u00e3o sugerem que o acordo poder\u00e1 apenas aumentar a produ\u00e7\u00e3o econ\u00f4mica da UE em meros 0,05%.<\/p>\n<p>&#8220;Em \u00faltima an\u00e1lise, mesmo que o acordo seja implementado, pode n\u00e3o ter um peso macroecon\u00f4mico significativo&#8221;, concluiu. &#8220;E, uma vez que ser\u00e1 implementado ao longo de um per\u00edodo de 15 anos, quaisquer benef\u00edcios s\u00e3o improv\u00e1veis de se materializar antes de 2040.&#8221;<\/p>\n<\/div>\n<p><\/body><\/p>\n","protected":false},"excerpt":{"rendered":"<p>Ap\u00f3s um intervalo de 25 anos de negocia\u00e7\u00f5es, a Uni\u00e3o Europeia conquistou com sucesso um acordo de livre com\u00e9rcio com pa\u00edses da Am\u00e9rica do Sul, superando a resist\u00eancia significativa de setores agr\u00edcolas em diversas na\u00e7\u00f5es da UE. Esse acordo com o bloco do Mercosul, que inclui Brasil, Argentina, Paraguai e Uruguai, agora aguarda a ratifica\u00e7\u00e3o [&hellip;]<\/p>\n","protected":false},"author":23,"featured_media":171572,"comment_status":"open","ping_status":"open","sticky":false,"template":"","format":"standard","meta":{"_acf_changed":false,"inline_featured_image":false,"footnotes":""},"categories":[548],"tags":[],"class_list":["post-171577","post","type-post","status-publish","format-standard","has-post-thumbnail","hentry","category-business-finance"],"acf":[],"_links":{"self":[{"href":"https:\/\/pointer-news.com\/pt-br\/wp-json\/wp\/v2\/posts\/171577","targetHints":{"allow":["GET"]}}],"collection":[{"href":"https:\/\/pointer-news.com\/pt-br\/wp-json\/wp\/v2\/posts"}],"about":[{"href":"https:\/\/pointer-news.com\/pt-br\/wp-json\/wp\/v2\/types\/post"}],"author":[{"embeddable":true,"href":"https:\/\/pointer-news.com\/pt-br\/wp-json\/wp\/v2\/users\/23"}],"replies":[{"embeddable":true,"href":"https:\/\/pointer-news.com\/pt-br\/wp-json\/wp\/v2\/comments?post=171577"}],"version-history":[{"count":1,"href":"https:\/\/pointer-news.com\/pt-br\/wp-json\/wp\/v2\/posts\/171577\/revisions"}],"predecessor-version":[{"id":171580,"href":"https:\/\/pointer-news.com\/pt-br\/wp-json\/wp\/v2\/posts\/171577\/revisions\/171580"}],"wp:featuredmedia":[{"embeddable":true,"href":"https:\/\/pointer-news.com\/pt-br\/wp-json\/wp\/v2\/media\/171572"}],"wp:attachment":[{"href":"https:\/\/pointer-news.com\/pt-br\/wp-json\/wp\/v2\/media?parent=171577"}],"wp:term":[{"taxonomy":"category","embeddable":true,"href":"https:\/\/pointer-news.com\/pt-br\/wp-json\/wp\/v2\/categories?post=171577"},{"taxonomy":"post_tag","embeddable":true,"href":"https:\/\/pointer-news.com\/pt-br\/wp-json\/wp\/v2\/tags?post=171577"}],"curies":[{"name":"wp","href":"https:\/\/api.w.org\/{rel}","templated":true}]}}