{"id":172102,"date":"2026-01-15T09:02:52","date_gmt":"2026-01-15T07:02:52","guid":{"rendered":"https:\/\/pointer-news.com\/?p=172102"},"modified":"2026-01-15T09:03:03","modified_gmt":"2026-01-15T07:03:03","slug":"trump-afirma-que-ira-interrompeu-execucoes-em-meio-a-disturbios-continuos","status":"publish","type":"post","link":"https:\/\/pointer-news.com\/pt-br\/trump-afirma-que-ira-interrompeu-execucoes-em-meio-a-disturbios-continuos\/","title":{"rendered":"Trump Afirma que Ir\u00e3 Interrompeu Execu\u00e7\u00f5es em Meio a Dist\u00farbios Cont\u00ednuos"},"content":{"rendered":"<p><body><\/p>\n<div class=\"article-content\">\n<p>O presidente Donald Trump declarou que Teer\u00e3 suspendeu seus planos de execu\u00e7\u00e3o contra os manifestantes, embora n\u00e3o tenha descartado a possibilidade de uma interven\u00e7\u00e3o militar dos EUA em resposta \u00e0 repress\u00e3o violenta do governo iraniano \u00e0s vozes de dissentimento.<\/p>\n<p>Tanto os Estados Unidos quanto o Reino Unido est\u00e3o reduzindo seu contingente no aeroporto de Al-Udeid, no Catar, com autoridades informando que essa retirada parcial est\u00e1 sendo realizada como uma medida de precau\u00e7\u00e3o.<\/p>\n<p>Em uma a\u00e7\u00e3o significativa, o espa\u00e7o a\u00e9reo do Ir\u00e3 foi fechado para a maioria dos voos por um per\u00edodo de cinco horas durante a noite, levando v\u00e1rias companhias a\u00e9reas a anunciar o desvio de suas rotas para evitar o espa\u00e7o a\u00e9reo iraniano.<\/p>\n<p>O Minist\u00e9rio das Rela\u00e7\u00f5es Exteriores brit\u00e2nico tamb\u00e9m anunciou o fechamento tempor\u00e1rio de sua embaixada em Teer\u00e3, que agora funcionar\u00e1 remotamente, de acordo com um representante do governo.<\/p>\n<h2>Coment\u00e1rios de Trump sobre a Situa\u00e7\u00e3o do Ir\u00e3<\/h2>\n<p>Ao se dirigir aos rep\u00f3rteres na Casa Branca, Trump afirmou ter recebido informa\u00e7\u00f5es confi\u00e1veis que indicam que<\/p>\n<\/div>\n<p><\/body><\/p>\n","protected":false},"excerpt":{"rendered":"<p>O presidente Donald Trump declarou que Teer\u00e3 suspendeu seus planos de execu\u00e7\u00e3o contra os manifestantes, embora n\u00e3o tenha descartado a possibilidade de uma interven\u00e7\u00e3o militar dos EUA em resposta \u00e0 repress\u00e3o violenta do governo iraniano \u00e0s vozes de dissentimento. Tanto os Estados Unidos quanto o Reino Unido est\u00e3o reduzindo seu contingente no aeroporto de Al-Udeid, [&hellip;]<\/p>\n","protected":false},"author":23,"featured_media":172098,"comment_status":"open","ping_status":"open","sticky":false,"template":"","format":"standard","meta":{"_acf_changed":false,"inline_featured_image":false,"footnotes":""},"categories":[544],"tags":[],"class_list":["post-172102","post","type-post","status-publish","format-standard","has-post-thumbnail","hentry","category-world-news"],"acf":[],"_links":{"self":[{"href":"https:\/\/pointer-news.com\/pt-br\/wp-json\/wp\/v2\/posts\/172102","targetHints":{"allow":["GET"]}}],"collection":[{"href":"https:\/\/pointer-news.com\/pt-br\/wp-json\/wp\/v2\/posts"}],"about":[{"href":"https:\/\/pointer-news.com\/pt-br\/wp-json\/wp\/v2\/types\/post"}],"author":[{"embeddable":true,"href":"https:\/\/pointer-news.com\/pt-br\/wp-json\/wp\/v2\/users\/23"}],"replies":[{"embeddable":true,"href":"https:\/\/pointer-news.com\/pt-br\/wp-json\/wp\/v2\/comments?post=172102"}],"version-history":[{"count":1,"href":"https:\/\/pointer-news.com\/pt-br\/wp-json\/wp\/v2\/posts\/172102\/revisions"}],"predecessor-version":[{"id":172105,"href":"https:\/\/pointer-news.com\/pt-br\/wp-json\/wp\/v2\/posts\/172102\/revisions\/172105"}],"wp:featuredmedia":[{"embeddable":true,"href":"https:\/\/pointer-news.com\/pt-br\/wp-json\/wp\/v2\/media\/172098"}],"wp:attachment":[{"href":"https:\/\/pointer-news.com\/pt-br\/wp-json\/wp\/v2\/media?parent=172102"}],"wp:term":[{"taxonomy":"category","embeddable":true,"href":"https:\/\/pointer-news.com\/pt-br\/wp-json\/wp\/v2\/categories?post=172102"},{"taxonomy":"post_tag","embeddable":true,"href":"https:\/\/pointer-news.com\/pt-br\/wp-json\/wp\/v2\/tags?post=172102"}],"curies":[{"name":"wp","href":"https:\/\/api.w.org\/{rel}","templated":true}]}}