{"id":172178,"date":"2026-01-16T18:01:57","date_gmt":"2026-01-16T16:01:57","guid":{"rendered":"https:\/\/pointer-news.com\/?p=172178"},"modified":"2026-01-16T18:02:08","modified_gmt":"2026-01-16T16:02:08","slug":"jenrick-afirma-que-sua-mudanca-para-o-reform-uk-e-sobre-unir-a-direita","status":"publish","type":"post","link":"https:\/\/pointer-news.com\/pt-br\/jenrick-afirma-que-sua-mudanca-para-o-reform-uk-e-sobre-unir-a-direita\/","title":{"rendered":"Jenrick Afirma Que Sua Mudan\u00e7a para o Reform UK \u00c9 Sobre Unir a Direita"},"content":{"rendered":"<p><body><\/p>\n<div class=\"article-content\">\n<p>Robert Jenrick rejeitou as insinua\u00e7\u00f5es de que sua mudan\u00e7a para o Reform UK foi impulsionada por desejos pessoais, afirmando que seu objetivo \u00e9 &#8220;unir a direita&#8221; dentro da pol\u00edtica brit\u00e2nica.<\/p>\n<p>O ex-ministro do gabinete fez a transi\u00e7\u00e3o para o partido de Nigel Farage na quinta-feira, logo ap\u00f3s ser demitido do gabinete sombra do Partido Conservador devido a seus planos de defe\u00e7\u00e3o.<\/p>\n<p>Em suas primeiras declara\u00e7\u00f5es ap\u00f3s essa mudan\u00e7a, Jenrick descreveu o Reform como a &#8220;\u00faltima oportunidade&#8221; da na\u00e7\u00e3o para enfrentar os problemas prevalentes em um pa\u00eds &#8220;quebrado&#8221;, ao mesmo tempo em que lan\u00e7ou uma cr\u00edtica contundente a seus antigos colegas no gabinete sombra, que ele rotulou de &#8220;incendi\u00e1rios&#8221;.<\/p>\n<h2>Respostas da Lideran\u00e7a Conservadora<\/h2>\n<p>Kemi Badenoch, l\u00edder do Partido Conservador, afirmou que desde a sa\u00edda de Jenrick, seu partido se tornou mais coeso e robusto, garantindo que ele n\u00e3o era &#8220;um jogador de equipe&#8221;.<\/p>\n<p>Algumas figuras proeminentes dentro das fileiras conservadoras sugeriram que uma parceria com o Reform poderia ser ben\u00e9fica para evitar a divis\u00e3o do voto da direita. No entanto, tanto Farage quanto Badenoch descartaram essa possibilidade ap\u00f3s a sa\u00edda de Jenrick.<\/p>\n<p>Quando questionado por Laura Kuenssberg sobre a possibilidade de seu apoio ao Reform inadvertidamente ajudar o retorno do Labour ao poder ao dividir a direita, Jenrick manteve, &#8220;Isso \u00e9 unir a direita&#8221;.<\/p>\n<h3>Vis\u00e3o de Jenrick para a Mudan\u00e7a<\/h3>\n<p>Ele enfatizou que, para eliminar o atual governo do Labour e estabelecer uma administra\u00e7\u00e3o reformista forte, a \u00fanica op\u00e7\u00e3o vi\u00e1vel \u00e9 unir for\u00e7as em torno de Farage e do Reform.<\/p>\n<p>Jenrick expressou a necessidade de um l\u00edder &#8220;novo e empolgante&#8221; que n\u00e3o tenha participado das falhas do passado em busca de consenso. Ele insistiu que havia deixado de lado &#8220;ambi\u00e7\u00f5es pessoais&#8221; em favor de se juntar a uma equipe capaz sob a lideran\u00e7a de Farage.<\/p>\n<p>Apesar de anteriormente ser visto como um forte candidato \u00e0 lideran\u00e7a conservadora, Jenrick mencionou: &#8220;Eu escolhi recusar tudo isso para fazer parte de uma equipe forte com Nigel Farage&#8221;.<\/p>\n<h2>Cr\u00edticas e Defec\u00e7\u00f5es<\/h2>\n<p>Cr\u00edticos argumentam que as perspectivas de Jenrick para liderar os Tories diminu\u00edram significativamente ap\u00f3s a melhora nas pesquisas para Badenoch, sugerindo que isso foi um fator chave em sua decis\u00e3o de mudar de lealdade.<\/p>\n<p>Jenrick refutou as alega\u00e7\u00f5es de que recebeu uma proposta de emprego de Farage, afirmando: &#8220;Estou aqui apenas para ajud\u00e1-lo a ter sucesso.&#8221; Enquanto isso, conservadores seniores acreditam que outros deputados tamb\u00e9m podem considerar a defe\u00e7\u00e3o, embora n\u00e3o esperem uma emigra\u00e7\u00e3o em massa no futuro pr\u00f3ximo.<\/p>\n<p>Quando perguntado se outros membros do Tory poderiam segui-lo, Jenrick comentou: &#8220;N\u00e3o tenho ideia e n\u00e3o discuti isso com meus colegas ou os incentivei a faz\u00ea-lo.&#8221;<\/p>\n<h3>Acusa\u00e7\u00f5es de Trai\u00e7\u00e3o<\/h3>\n<p>Em resposta a rumores de que um vazamento de sua pr\u00f3pria equipe havia revelado seu discurso de defe\u00e7\u00e3o rascunhado para Badenoch, Jenrick mencionou que foi informado de que &#8220;uma pessoa j\u00fanior&#8221; foi respons\u00e1vel, mas esclareceu que j\u00e1 havia decidido se juntar ao Reform antes desse incidente.<\/p>\n<p>Ele indicou que sua decis\u00e3o de defeccionar foi solidificada durante o per\u00edodo natalino, embora reconhecesse discuss\u00f5es em andamento com Farage antes de ser demitido por Badenoch.<\/p>\n<p>Jenrick citou uma reuni\u00e3o recente do gabinete sombra como a &#8220;gota d&#8217;\u00e1gua&#8221;, durante a qual os membros debateram se a Gr\u00e3-Bretanha estava realmente quebrada, com alguns afirmando que n\u00e3o.<\/p>\n<h2>Reflex\u00f5es sobre Seu Mandato<\/h2>\n<p>Ele recordou como certos indiv\u00edduos na reuni\u00e3o argumentaram: &#8220;A Gr\u00e3-Bretanha est\u00e1 quebrada, mas n\u00e3o podemos admitir isso porque foi um governo conservador que causou os problemas&#8221;, enquanto outros insistiam no contr\u00e1rio.<\/p>\n<p>&#8220;Os incendi\u00e1rios ainda estavam no controle do partido&#8221;, comentou Jenrick, criticando aqueles que erraram durante seu tempo no governo enquanto permaneciam no gabinete sombra.<\/p>\n<p>Ele concluiu que o partido era incapaz de reconhecer seus erros do passado, quanto mais corrigi-los.<\/p>\n<h3>Defendendo Seu Hist\u00f3rico<\/h3>\n<p>Ao defender seu mandato como ministro da habita\u00e7\u00e3o e imigra\u00e7\u00e3o, Jenrick afirmou que sempre buscou desafiar o status quo.<\/p>\n<p>Refletindo sobre seu tempo no Minist\u00e9rio do Interior, ele descreveu a situa\u00e7\u00e3o como &#8220;um completo desastre&#8221;, mas observou que &#8220;trabalhou incansavelmente para remedi\u00e1-la&#8221;.<\/p>\n<p>&#8220;Quando n\u00e3o consegui convencer o governo a tomar medidas mais decisivas, eu pedi demiss\u00e3o&#8221;, acrescentou, referindo-se \u00e0 sua sa\u00edda do governo de Rishi Sunak devido \u00e0 insatisfa\u00e7\u00e3o com sua abordagem em rela\u00e7\u00e3o \u00e0 imigra\u00e7\u00e3o ilegal.<\/p>\n<h2>Rea\u00e7\u00f5es da Oposi\u00e7\u00e3o<\/h2>\n<p>Em resposta, a presidente do Partido Labour, Anna Turley, rotulou Jenrick como &#8220;um dos incendi\u00e1rios que contribu\u00edram para o caos e a decad\u00eancia na Gr\u00e3-Bretanha durante o governo conservador&#8221;.<\/p>\n<p>O l\u00edder do Partido Liberal Democrata, Sir Ed Davey, criticou Jenrick e Farage, afirmando: &#8220;As pessoas est\u00e3o cansadas de ouvir que a Gr\u00e3-Bretanha est\u00e1 quebrada daquelas mesmas pessoas que contribu\u00edram para sua queda em primeiro lugar&#8221;.<\/p>\n<p>Ele ainda apontou que &#8220;Robert Jenrick foi um ministro da sa\u00fade conservador que desempenhou um papel em minar o NHS, enquanto Nigel Farage promoveu o acordo de Brexit de Boris Johnson, que prejudicou a economia e aumentou o custo de vida&#8221;.<\/p>\n<h2>Olhando para o Futuro<\/h2>\n<p>Badenoch afirmou que os conservadores continuam a ser o \u00fanico partido dedicado a resolver as preocupa\u00e7\u00f5es p\u00fablicas, enfatizando: &#8220;As pessoas est\u00e3o fatigadas com o drama cont\u00ednuo&#8221;.<\/p>\n<p>&#8220;As pessoas que estavam causando problemas dentro do Partido Conservador est\u00e3o saindo. Eles est\u00e3o fazendo minha limpeza de primavera por mim&#8221;, acrescentou.<\/p>\n<p>Jenrick \u00e9 o segundo deputado conservador em exerc\u00edcio a se transferir para o Reform, seguindo o ex-chanceler Nadhim Zahawi na mudan\u00e7a desta semana.<\/p>\n<p>Embora ministros do gabinete sombra tenham minimizado a import\u00e2ncia da mudan\u00e7a de Jenrick, alegando que ele possui reconhecimento p\u00fablico limitado, ele tem um seguimento entre os membros conservadores.<\/p>\n<p>Sua sa\u00edda tamb\u00e9m pode contradizer a narrativa de que o Reform \u00e9 apenas uma opera\u00e7\u00e3o de um homem sem deputados experientes.<\/p>\n<p>Enquanto o Reform acolhe a contribui\u00e7\u00e3o de Jenrick, ele enfrenta escrut\u00ednio sobre acusa\u00e7\u00f5es de que n\u00e3o est\u00e1 apenas substituindo os conservadores, mas est\u00e1 prestes a se tornar como eles.<\/p>\n<p>Para se manter informado sobre os \u00faltimos acontecimentos em Westminster e al\u00e9m, considere se inscrever em nosso boletim informativo Politics Essential.<\/p>\n<\/div>\n<p><\/body><\/p>\n","protected":false},"excerpt":{"rendered":"<p>Robert Jenrick rejeitou as insinua\u00e7\u00f5es de que sua mudan\u00e7a para o Reform UK foi impulsionada por desejos pessoais, afirmando que seu objetivo \u00e9 &#8220;unir a direita&#8221; dentro da pol\u00edtica brit\u00e2nica. O ex-ministro do gabinete fez a transi\u00e7\u00e3o para o partido de Nigel Farage na quinta-feira, logo ap\u00f3s ser demitido do gabinete sombra do Partido Conservador [&hellip;]<\/p>\n","protected":false},"author":23,"featured_media":172174,"comment_status":"open","ping_status":"open","sticky":false,"template":"","format":"standard","meta":{"_acf_changed":false,"inline_featured_image":false,"footnotes":""},"categories":[550],"tags":[],"class_list":["post-172178","post","type-post","status-publish","format-standard","has-post-thumbnail","hentry","category-politics-laws"],"acf":[],"_links":{"self":[{"href":"https:\/\/pointer-news.com\/pt-br\/wp-json\/wp\/v2\/posts\/172178","targetHints":{"allow":["GET"]}}],"collection":[{"href":"https:\/\/pointer-news.com\/pt-br\/wp-json\/wp\/v2\/posts"}],"about":[{"href":"https:\/\/pointer-news.com\/pt-br\/wp-json\/wp\/v2\/types\/post"}],"author":[{"embeddable":true,"href":"https:\/\/pointer-news.com\/pt-br\/wp-json\/wp\/v2\/users\/23"}],"replies":[{"embeddable":true,"href":"https:\/\/pointer-news.com\/pt-br\/wp-json\/wp\/v2\/comments?post=172178"}],"version-history":[{"count":1,"href":"https:\/\/pointer-news.com\/pt-br\/wp-json\/wp\/v2\/posts\/172178\/revisions"}],"predecessor-version":[{"id":172181,"href":"https:\/\/pointer-news.com\/pt-br\/wp-json\/wp\/v2\/posts\/172178\/revisions\/172181"}],"wp:featuredmedia":[{"embeddable":true,"href":"https:\/\/pointer-news.com\/pt-br\/wp-json\/wp\/v2\/media\/172174"}],"wp:attachment":[{"href":"https:\/\/pointer-news.com\/pt-br\/wp-json\/wp\/v2\/media?parent=172178"}],"wp:term":[{"taxonomy":"category","embeddable":true,"href":"https:\/\/pointer-news.com\/pt-br\/wp-json\/wp\/v2\/categories?post=172178"},{"taxonomy":"post_tag","embeddable":true,"href":"https:\/\/pointer-news.com\/pt-br\/wp-json\/wp\/v2\/tags?post=172178"}],"curies":[{"name":"wp","href":"https:\/\/api.w.org\/{rel}","templated":true}]}}