{"id":172276,"date":"2026-01-18T09:04:10","date_gmt":"2026-01-18T07:04:10","guid":{"rendered":"https:\/\/pointer-news.com\/?p=172276"},"modified":"2026-01-18T09:04:22","modified_gmt":"2026-01-18T07:04:22","slug":"lideres-europeus-condenam-ameaca-de-tarifas-de-trump-sobre-aquisicao-da-groenlandia","status":"publish","type":"post","link":"https:\/\/pointer-news.com\/pt-br\/lideres-europeus-condenam-ameaca-de-tarifas-de-trump-sobre-aquisicao-da-groenlandia\/","title":{"rendered":"L\u00edderes Europeus Condenam Amea\u00e7a de Tarifas de Trump Sobre Aquisi\u00e7\u00e3o da Groenl\u00e2ndia"},"content":{"rendered":"<p><body><\/p>\n<div class=\"article-content\">\n<p>Uma recente advert\u00eancia do presidente dos EUA, Donald Trump, para impor novas tarifas sobre oito na\u00e7\u00f5es que se op\u00f5em ao seu plano de aquisi\u00e7\u00e3o da Groenl\u00e2ndia provocou indigna\u00e7\u00e3o entre os l\u00edderes europeus.<\/p>\n<p>O primeiro-ministro do Reino Unido, Keir Starmer, classificou a a\u00e7\u00e3o como &#8220;ultrajante&#8221;, enquanto o presidente franc\u00eas, Emmanuel Macron, a chamou de &#8220;intoler\u00e1vel&#8221;. Essas declara\u00e7\u00f5es surgiram ap\u00f3s a revela\u00e7\u00e3o de Trump sobre uma tarifa de 10% sobre produtos importados da Dinamarca, Noruega, Su\u00e9cia, Fran\u00e7a, Alemanha, Reino Unido, Pa\u00edses Baixos e Finl\u00e2ndia, que entrar\u00e1 em vigor em<time>01 de fevereiro<\/time>. Ele indicou que essas tarifas poderiam aumentar para 25% e permanecer at\u00e9 que uma resolu\u00e7\u00e3o seja alcan\u00e7ada.<\/p>\n<p>Trump argumenta que a regi\u00e3o aut\u00f4noma da Groenl\u00e2ndia \u00e9 crucial para a seguran\u00e7a nacional dos EUA, insinuando que poderia considerar a\u00e7\u00e3o militar para garanti-la.<\/p>\n<p>Em resposta \u00e0s amea\u00e7as de Trump, a Uni\u00e3o Europeia convocou uma reuni\u00e3o urgente \u00e0s<time>17:00 UTC<\/time>em Bruxelas, reunindo embaixadores dos 27 pa\u00edses membros do bloco.<\/p>\n<p>Al\u00e9m disso, milhares de pessoas protestaram tanto na Groenl\u00e2ndia quanto na Dinamarca no s\u00e1bado, expressando sua oposi\u00e7\u00e3o \u00e0 poss\u00edvel aquisi\u00e7\u00e3o dos EUA.<\/p>\n<p>Apesar de sua popula\u00e7\u00e3o escassa, a Groenl\u00e2ndia \u00e9 rica em recursos e est\u00e1 estrategicamente localizada entre a Am\u00e9rica do Norte e o \u00c1rtico, tornando-a valiosa para sistemas de defesa de m\u00edsseis e monitoramento mar\u00edtimo.<\/p>\n<p>Trump j\u00e1 sugeriu anteriormente que os EUA poderiam adquirir o territ\u00f3rio &#8220;de forma f\u00e1cil&#8221; ou &#8220;de forma dif\u00edcil&#8221;. As na\u00e7\u00f5es europeias se uniram em apoio \u00e0 Dinamarca, afirmando que a seguran\u00e7a do \u00c1rtico \u00e9 uma responsabilidade coletiva da OTAN.<\/p>\n<p>Pa\u00edses como Fran\u00e7a, Alemanha, Su\u00e9cia, Noruega, Finl\u00e2ndia, Pa\u00edses Baixos e o Reino Unido enviaram um n\u00famero limitado de tropas para a Groenl\u00e2ndia como parte de uma miss\u00e3o de reconhecimento.<\/p>\n<p>Trump anunciou os planos de tarifas por meio de sua plataforma Truth Social, acusando as na\u00e7\u00f5es de estarem envolvidas em &#8220;um jogo muito arriscado&#8221;. Ele enfatizou que as tarifas se referem \u00e0 &#8220;Seguran\u00e7a, Prote\u00e7\u00e3o e Sobreviv\u00eancia do nosso Planeta&#8221;. O imposto proposto de 10% sobre as exporta\u00e7\u00f5es para os EUA aumentaria para 25% em junho e permaneceria at\u00e9 que um acordo para a &#8220;Compra Completa e Total da Groenl\u00e2ndia&#8221; fosse finalizado.<\/p>\n<p>Starmer respondeu, afirmando: &#8220;Impor tarifas a aliados que est\u00e3o fortalecendo a seguran\u00e7a coletiva da OTAN \u00e9 totalmente inadequado. Certamente abordaremos isso diretamente com a administra\u00e7\u00e3o dos EUA.&#8221;<\/p>\n<p>L\u00edderes da oposi\u00e7\u00e3o no Reino Unido tamb\u00e9m criticaram o an\u00fancio das tarifas de Trump. A l\u00edder conservadora Kemi Badenoch chamou de &#8220;decis\u00e3o ruim&#8221;, enquanto Nigel Farage, l\u00edder do Reform UK e apoiador de Trump, comentou que as tarifas seriam prejudiciais ao Reino Unido.<\/p>\n<p>O l\u00edder dos Liberal Democratas, Ed Davey, descreveu as a\u00e7\u00f5es de Trump como &#8220;irracionais&#8221;, mas enfatizou a import\u00e2ncia da resposta do Reino Unido. A membro do Partido Verde, Ellie Chowns, acusou o presidente dos EUA de tratar rela\u00e7\u00f5es internacionais como um p\u00e1tio escolar, tentando intimidar outras na\u00e7\u00f5es a se conformarem com seus objetivos imperialistas.<\/p>\n<p>Macron insistiu: &#8220;Amea\u00e7as tarif\u00e1rias s\u00e3o inaceit\u00e1veis&#8230; N\u00e3o cederemos \u00e0 intimida\u00e7\u00e3o.&#8221; O primeiro-ministro sueco, Ulf Kristersson, acrescentou: &#8220;Recusamos ser coagidos.&#8221;<\/p>\n<p>&#8220;A Su\u00e9cia est\u00e1 atualmente envolvida em discuss\u00f5es extensas com outras na\u00e7\u00f5es da UE, Noruega e Reino Unido para formular uma resposta unificada&#8221;, continuou.<\/p>\n<p>A presidente da Comiss\u00e3o Europeia, Ursula von der Leyen, comentou no X, afirmando que &#8220;A integridade territorial e a soberania s\u00e3o pilares do direito internacional.&#8221; Ela alertou que tarifas poderiam colocar em risco as rela\u00e7\u00f5es transatl\u00e2nticas e levar a uma espiral descendente perigosa.<\/p>\n<p>Trump deve se encontrar com von der Leyen e outros l\u00edderes europeus, incluindo Macron, no pr\u00f3ximo F\u00f3rum Econ\u00f4mico Mundial em Davos, Su\u00ed\u00e7a.<\/p>\n<p>Kaja Kallas, chefe da pol\u00edtica externa da UE, observou que &#8220;China e R\u00fassia devem estar se deleitando com essa situa\u00e7\u00e3o&#8221;, sugerindo que se beneficiam da disc\u00f3rdia entre aliados. Ela expressou seu sentimento no X.<\/p>\n<p>Antonio Costa, presidente do Conselho Europeu, afirmou que a UE defender\u00e1 firmemente o direito internacional, que come\u00e7a com a integridade territorial de seus estados membros.<\/p>\n<p>O ministro das Rela\u00e7\u00f5es Exteriores da Dinamarca, Lars Lokke Rasmussen, comentou que as amea\u00e7as foram inesperadas.<\/p>\n<p>O eurodeputado alem\u00e3o Manfred Weber, l\u00edder do grupo conservador EPP no Parlamento Europeu, declarou que as a\u00e7\u00f5es de Trump levantaram d\u00favidas sobre o acordo comercial entre a UE e os EUA que foi estabelecido no ano passado.<\/p>\n<p>O acordo inclu\u00eda uma tarifa dos EUA de 15% sobre todos os produtos da UE e um compromisso da UE de abrir mercados para produtos dos EUA com tarifas de 0% em itens selecionados.<\/p>\n<p>Weber expressou: &#8220;O EPP apoia o acordo comercial UE-EUA, mas devido \u00e0s amea\u00e7as de Trump em rela\u00e7\u00e3o \u00e0 Groenl\u00e2ndia, n\u00e3o podemos aprov\u00e1-lo neste momento. As tarifas de 0% sobre produtos dos EUA devem ser suspensas.&#8221;<\/p>\n<p>O embaixador dos EUA na ONU, Mike Waltz, contrap\u00f4s afirmando que a Dinamarca &#8220;n\u00e3o possui os recursos ou a capacidade para administrar a regi\u00e3o norte de forma eficaz.&#8221; Ele afirmou na Fox News que a vida para os groenlandeses seria &#8220;mais segura, forte e pr\u00f3spera sob a supervis\u00e3o dos EUA.&#8221;<\/p>\n<p>Trump frequentemente expressa uma prefer\u00eancia pelo termo &#8220;tarifa&#8221;, vendo-o como uma ferramenta contundente para persuadir ou compelir pa\u00edses a se alinharem com os interesses dos EUA.<\/p>\n<p>Este \u00faltimo an\u00fancio marca uma escalada not\u00e1vel nos esfor\u00e7os renovados de Trump para adquirir a Groenl\u00e2ndia, apesar da ampla oposi\u00e7\u00e3o.<\/p>\n<p>As raz\u00f5es por tr\u00e1s da declara\u00e7\u00e3o tarif\u00e1ria permanecem obscuras, tendo sido insinuadas por Trump durante uma coletiva de imprensa na Casa Branca na sexta-feira.<\/p>\n<p>Embora Trump tenha mencionado anteriormente v\u00e1rias op\u00e7\u00f5es, incluindo poss\u00edvel interven\u00e7\u00e3o militar, este an\u00fancio seguiu um recente acordo entre oficiais dos EUA e dinamarqueses para estabelecer um grupo de trabalho de alto n\u00edvel encarregado de discutir o futuro da ilha.<\/p>\n<p>Esse desenvolvimento diplom\u00e1tico foi percebido por muitos como o melhor cen\u00e1rio para a Dinamarca e seus aliados europeus, provavelmente adiando qualquer nova escalada da administra\u00e7\u00e3o dos EUA.<\/p>\n<p>Em contraste, as tarifas recentemente impostas intensificaram a urg\u00eancia da quest\u00e3o e tensionaram as rela\u00e7\u00f5es com aliados e parceiros comerciais cruciais da OTAN.<\/p>\n<p>Gregory Meeks, o principal democrata no Comit\u00ea de Rela\u00e7\u00f5es Exteriores da C\u00e2mara dos EUA, disse que planeja introduzir uma resolu\u00e7\u00e3o visando a imediata suspens\u00e3o dessas &#8220;tarifas ilegais e ultrajantes.&#8221;<\/p>\n<p>Ele comentou: &#8220;Trump est\u00e1 criando uma crise externa e minando nossa alian\u00e7a mais pr\u00f3xima, enquanto ignora as quest\u00f5es reais que importam ao p\u00fablico americano, como a acessibilidade.&#8221;<\/p>\n<p>Pesquisas indicam que 85% dos groenlandeses se op\u00f5em \u00e0 anexa\u00e7\u00e3o do territ\u00f3rio pelos EUA.<\/p>\n<p>Protestos contra as inten\u00e7\u00f5es de aquisi\u00e7\u00e3o de Trump ocorreram em centros urbanos dinamarqueses, assim como em Nuuk, a capital da Groenl\u00e2ndia, antes do an\u00fancio das tarifas.<\/p>\n<p>Em Copenhague, manifestantes exibiram cartazes declarando: &#8220;M\u00e3os Fora da Groenl\u00e2ndia&#8221; e &#8220;Groenl\u00e2ndia para os Groenlandeses.&#8221;<\/p>\n<p>Camilla Siezing, l\u00edder da Inuit, uma coaliz\u00e3o de organiza\u00e7\u00f5es groenlandesas, afirmou: &#8220;Exigimos respeito pelo Reino Dinamarqu\u00eas e pelo direito da Groenl\u00e2ndia \u00e0 autodetermina\u00e7\u00e3o.&#8221;<\/p>\n<p>Em Nuuk, o primeiro-ministro da Groenl\u00e2ndia, Jens-Frederik Nielsen, participou de protestos ao lado de manifestantes segurando cartazes que diziam &#8220;Groenl\u00e2ndia n\u00e3o est\u00e1 \u00e0 venda&#8221; e &#8220;n\u00f3s moldamos nosso futuro&#8221;, enquanto marchavam em dire\u00e7\u00e3o ao consulado dos EUA.<\/p>\n<p>Os protestos coincidiram com uma visita a Copenhague de uma delega\u00e7\u00e3o do Congresso dos EUA, cujo l\u00edder, o senador democrata Chris Coons, caracterizou a ret\u00f3rica de Trump como &#8220;improdutiva.&#8221;<\/p>\n<\/div>\n<p><\/body><\/p>\n","protected":false},"excerpt":{"rendered":"<p>Uma recente advert\u00eancia do presidente dos EUA, Donald Trump, para impor novas tarifas sobre oito na\u00e7\u00f5es que se op\u00f5em ao seu plano de aquisi\u00e7\u00e3o da Groenl\u00e2ndia provocou indigna\u00e7\u00e3o entre os l\u00edderes europeus. O primeiro-ministro do Reino Unido, Keir Starmer, classificou a a\u00e7\u00e3o como &#8220;ultrajante&#8221;, enquanto o presidente franc\u00eas, Emmanuel Macron, a chamou de &#8220;intoler\u00e1vel&#8221;. Essas [&hellip;]<\/p>\n","protected":false},"author":23,"featured_media":172272,"comment_status":"open","ping_status":"open","sticky":false,"template":"","format":"standard","meta":{"_acf_changed":false,"inline_featured_image":false,"footnotes":""},"categories":[544],"tags":[],"class_list":["post-172276","post","type-post","status-publish","format-standard","has-post-thumbnail","hentry","category-world-news"],"acf":[],"_links":{"self":[{"href":"https:\/\/pointer-news.com\/pt-br\/wp-json\/wp\/v2\/posts\/172276","targetHints":{"allow":["GET"]}}],"collection":[{"href":"https:\/\/pointer-news.com\/pt-br\/wp-json\/wp\/v2\/posts"}],"about":[{"href":"https:\/\/pointer-news.com\/pt-br\/wp-json\/wp\/v2\/types\/post"}],"author":[{"embeddable":true,"href":"https:\/\/pointer-news.com\/pt-br\/wp-json\/wp\/v2\/users\/23"}],"replies":[{"embeddable":true,"href":"https:\/\/pointer-news.com\/pt-br\/wp-json\/wp\/v2\/comments?post=172276"}],"version-history":[{"count":1,"href":"https:\/\/pointer-news.com\/pt-br\/wp-json\/wp\/v2\/posts\/172276\/revisions"}],"predecessor-version":[{"id":172279,"href":"https:\/\/pointer-news.com\/pt-br\/wp-json\/wp\/v2\/posts\/172276\/revisions\/172279"}],"wp:featuredmedia":[{"embeddable":true,"href":"https:\/\/pointer-news.com\/pt-br\/wp-json\/wp\/v2\/media\/172272"}],"wp:attachment":[{"href":"https:\/\/pointer-news.com\/pt-br\/wp-json\/wp\/v2\/media?parent=172276"}],"wp:term":[{"taxonomy":"category","embeddable":true,"href":"https:\/\/pointer-news.com\/pt-br\/wp-json\/wp\/v2\/categories?post=172276"},{"taxonomy":"post_tag","embeddable":true,"href":"https:\/\/pointer-news.com\/pt-br\/wp-json\/wp\/v2\/tags?post=172276"}],"curies":[{"name":"wp","href":"https:\/\/api.w.org\/{rel}","templated":true}]}}