{"id":172334,"date":"2026-01-19T09:01:46","date_gmt":"2026-01-19T07:01:46","guid":{"rendered":"https:\/\/pointer-news.com\/?p=172334"},"modified":"2026-01-19T09:01:58","modified_gmt":"2026-01-19T07:01:58","slug":"tragedia-em-acidente-de-trem-na-espanha-deixa-pelo-menos-21-mortos","status":"publish","type":"post","link":"https:\/\/pointer-news.com\/pt-br\/tragedia-em-acidente-de-trem-na-espanha-deixa-pelo-menos-21-mortos\/","title":{"rendered":"Trag\u00e9dia em Acidente de Trem na Espanha Deixa Pelo Menos 21 Mortos"},"content":{"rendered":"<p><body><\/p>\n<div class=\"article-content\">\n<p>Um tr\u00e1gico acidente ferrovi\u00e1rio no sul da Espanha resultou na morte de pelo menos<strong style=\"margin-left: 0.3em; margin-right: 0.3em;\">21 pessoas<\/strong>, enquanto muitos outros ficaram feridos. As autoridades alertaram que o n\u00famero de mortos pode aumentar, caracterizando este evento como o mais grave desastre ferrovi\u00e1rio no pa\u00eds em mais de uma d\u00e9cada.<\/p>\n<p>A colis\u00e3o ocorreu quando os vag\u00f5es de um trem que seguia para Madrid descarrilaram e invadiram a pista de um trem que se aproximava nas proximidades de Adamuz, perto de C\u00f3rdoba. As redes ferrovi\u00e1rias relataram que havia cerca de<strong style=\"margin-left: 0.3em; margin-right: 0.3em;\">400 passageiros<\/strong>e membros da tripula\u00e7\u00e3o a bordo de ambos os trens.<\/p>\n<p>Os servi\u00e7os de emerg\u00eancia da Andaluzia informaram que pelo menos<strong style=\"margin-left: 0.3em; margin-right: 0.3em;\">24 pessoas<\/strong>sofreram ferimentos graves no acidente, incluindo quatro crian\u00e7as. O Ministro dos Transportes da Espanha, \u00d3scar Puente, descreveu o incidente como \u201cextremamente estranho\u201d, levando as autoridades a iniciarem uma investiga\u00e7\u00e3o sobre a trag\u00e9dia.<\/p>\n<p>De acordo com a operadora da rede ferrovi\u00e1ria Adif, a colis\u00e3o aconteceu cerca de dez minutos ap\u00f3s o trem ter partido de M\u00e1laga \u00e0s<strong style=\"margin-left: 0.3em; margin-right: 0.3em;\">18:40 UTC<\/strong>, ap\u00f3s um descarrilamento em um trecho reto da via. Puente observou que o impacto lan\u00e7ou os vag\u00f5es do segundo trem contra um talude, com a maioria das v\u00edtimas ocorrendo nos vag\u00f5es frontais desse trem, que estava a caminho de Huelva.<\/p>\n<p>O trem envolvido, identificado como Freccia 1000, pode atingir velocidades de at\u00e9<strong style=\"margin-left: 0.3em; margin-right: 0.3em;\">400 km\/h<\/strong>(<strong style=\"margin-left: 0.3em; margin-right: 0.3em;\">250 mph<\/strong>), conforme confirmado por um representante da companhia ferrovi\u00e1ria italiana Ferrovie dello Stato. As equipes de resgate enfrentaram dificuldades devido aos destro\u00e7os retorcidos, complicando os esfor\u00e7os para resgatar aqueles presos dentro.<\/p>\n<p>O chefe dos bombeiros de C\u00f3rdoba, Francisco Carmona, comentou \u00e0 RTVE: \u201cTivemos que remover at\u00e9 um indiv\u00edduo falecido para alcan\u00e7ar algu\u00e9m que ainda estava vivo. \u00c9 uma tarefa dif\u00edcil e complexa.\u201d Salvador Jimenez, um jornalista da RTVE que estava a bordo de um dos trens afetados, comparou o impacto da colis\u00e3o a vivenciar um \u201cterremoto\u201d.<\/p>\n<p>Jimenez recordou: \u201cEu estava sentado no primeiro vag\u00e3o. Em um momento, realmente parecia um terremoto, e o trem tinha, de fato, sa\u00eddo dos trilhos.\u201d Imagens do local do acidente mostram alguns vag\u00f5es do trem virados. Os trabalhadores de resgate foram vistos subindo no trem para ajudar a retirar os passageiros por portas e janelas inclinadas.<\/p>\n<p>Um passageiro chamado Jos\u00e9, que viajava para Madrid, descreveu a cena ca\u00f3tica ao Canal Sur, afirmando: \u201cHavia pessoas gritando por assist\u00eancia m\u00e9dica.\u201d Ap\u00f3s o acidente, todos os servi\u00e7os ferrovi\u00e1rios entre Madrid e Andaluzia foram suspensos, com as opera\u00e7\u00f5es previstas para permanecer paralisadas durante toda a segunda-feira.<\/p>\n<p>A Iryo, uma operadora ferrovi\u00e1ria privada que gerencia a rota de M\u00e1laga, indicou que cerca de<strong style=\"margin-left: 0.3em; margin-right: 0.3em;\">300 passageiros<\/strong>estavam no trem que descarrilou, enquanto o trem operado pelo estado, Renfe, tinha aproximadamente<strong style=\"margin-left: 0.3em; margin-right: 0.3em;\">100 passageiros<\/strong>a bordo. A causa exata do incidente permanece desconhecida, e o ministro dos transportes indicou que uma investiga\u00e7\u00e3o abrangente pode n\u00e3o trazer resultados por pelo menos um m\u00eas.<\/p>\n<p>O Primeiro-Ministro da Espanha, Pedro S\u00e1nchez, expressou que a na\u00e7\u00e3o enfrentaria uma \u201cnoite de profunda tristeza.\u201d O prefeito de Adamuz, Rafael Moreno, que chegou ao local cedo, caracterizou o evento como um \u201cpesadelo.\u201d<\/p>\n<p>O Rei Felipe VI e a Rainha Letizia compartilharam suas profundas preocupa\u00e7\u00f5es em rela\u00e7\u00e3o \u00e0 trag\u00e9dia, afirmando atrav\u00e9s do pal\u00e1cio real nas redes sociais: \u201cOferecemos nossas sinceras condol\u00eancias \u00e0s fam\u00edlias e amigos dos falecidos, junto com nosso amor e esperan\u00e7as para uma r\u00e1pida recupera\u00e7\u00e3o aos feridos.\u201d A ag\u00eancia de emerg\u00eancia da Andaluzia pediu aos sobreviventes do acidente que entrassem em contato com suas fam\u00edlias ou postassem nas redes sociais para confirmar sua seguran\u00e7a.<\/p>\n<p>Instala\u00e7\u00f5es m\u00e9dicas avan\u00e7adas foram estabelecidas para tratar os passageiros afetados e facilitar transfer\u00eancias para hospitais. A Adif tamb\u00e9m disponibilizou espa\u00e7os para as fam\u00edlias das v\u00edtimas em v\u00e1rias esta\u00e7\u00f5es de trem, incluindo Atocha, Sevilha, C\u00f3rdoba, M\u00e1laga e Huelva.<\/p>\n<p>A Cruz Vermelha Espanhola mobilizou servi\u00e7os de emerg\u00eancia para o local do acidente e est\u00e1 oferecendo suporte psicol\u00f3gico \u00e0s fam\u00edlias afetadas nas proximidades. Miguel \u00c1ngel Rodr\u00edguez, da Cruz Vermelha, comentou na r\u00e1dio RNE: \u201cAs fam\u00edlias est\u00e3o enfrentando uma ansiedade significativa devido \u00e0 falta de informa\u00e7\u00f5es. Estes s\u00e3o tempos realmente angustiantes.\u201d<\/p>\n<p>Mensagens de condol\u00eancias chegaram de l\u00edderes internacionais, incluindo o Presidente franc\u00eas Emmanuel Macron, a Primeira-Ministra italiana Giorgia Meloni e a chefe da Comiss\u00e3o Europeia, Ursula von der Leyen. Macron expressou nas redes sociais: \u201cMeus pensamentos est\u00e3o com as v\u00edtimas, suas fam\u00edlias e toda a Espanha. A Fran\u00e7a se solidariza com voc\u00eas.\u201d<\/p>\n<p>Em<time>2013<\/time>, a Espanha enfrentou seu mais grave descarrilamento de trem de alta velocidade na Gal\u00edcia, que resultou em<strong style=\"margin-left: 0.3em; margin-right: 0.3em;\">80 mortos<\/strong>e<strong style=\"margin-left: 0.3em; margin-right: 0.3em;\">140 feridos<\/strong>. A Espanha possui a segunda maior rede ferrovi\u00e1ria de alta velocidade do mundo, atr\u00e1s apenas da China, conectando mais de<strong style=\"margin-left: 0.3em; margin-right: 0.3em;\">50 cidades<\/strong>em todo o pa\u00eds. Dados da Adif indicam que o sistema ferrovi\u00e1rio espanhol ultrapassa<strong style=\"margin-left: 0.3em; margin-right: 0.3em;\">4.000 quil\u00f4metros<\/strong>(<strong style=\"margin-left: 0.3em; margin-right: 0.3em;\">2.485 milhas<\/strong>) de extens\u00e3o.<\/p>\n<\/div>\n<p><\/body><\/p>\n","protected":false},"excerpt":{"rendered":"<p>Um tr\u00e1gico acidente ferrovi\u00e1rio no sul da Espanha resultou na morte de pelo menos21 pessoas, enquanto muitos outros ficaram feridos. As autoridades alertaram que o n\u00famero de mortos pode aumentar, caracterizando este evento como o mais grave desastre ferrovi\u00e1rio no pa\u00eds em mais de uma d\u00e9cada. A colis\u00e3o ocorreu quando os vag\u00f5es de um trem [&hellip;]<\/p>\n","protected":false},"author":23,"featured_media":172330,"comment_status":"open","ping_status":"open","sticky":false,"template":"","format":"standard","meta":{"_acf_changed":false,"inline_featured_image":false,"footnotes":""},"categories":[544],"tags":[],"class_list":["post-172334","post","type-post","status-publish","format-standard","has-post-thumbnail","hentry","category-world-news"],"acf":[],"_links":{"self":[{"href":"https:\/\/pointer-news.com\/pt-br\/wp-json\/wp\/v2\/posts\/172334","targetHints":{"allow":["GET"]}}],"collection":[{"href":"https:\/\/pointer-news.com\/pt-br\/wp-json\/wp\/v2\/posts"}],"about":[{"href":"https:\/\/pointer-news.com\/pt-br\/wp-json\/wp\/v2\/types\/post"}],"author":[{"embeddable":true,"href":"https:\/\/pointer-news.com\/pt-br\/wp-json\/wp\/v2\/users\/23"}],"replies":[{"embeddable":true,"href":"https:\/\/pointer-news.com\/pt-br\/wp-json\/wp\/v2\/comments?post=172334"}],"version-history":[{"count":1,"href":"https:\/\/pointer-news.com\/pt-br\/wp-json\/wp\/v2\/posts\/172334\/revisions"}],"predecessor-version":[{"id":172337,"href":"https:\/\/pointer-news.com\/pt-br\/wp-json\/wp\/v2\/posts\/172334\/revisions\/172337"}],"wp:featuredmedia":[{"embeddable":true,"href":"https:\/\/pointer-news.com\/pt-br\/wp-json\/wp\/v2\/media\/172330"}],"wp:attachment":[{"href":"https:\/\/pointer-news.com\/pt-br\/wp-json\/wp\/v2\/media?parent=172334"}],"wp:term":[{"taxonomy":"category","embeddable":true,"href":"https:\/\/pointer-news.com\/pt-br\/wp-json\/wp\/v2\/categories?post=172334"},{"taxonomy":"post_tag","embeddable":true,"href":"https:\/\/pointer-news.com\/pt-br\/wp-json\/wp\/v2\/tags?post=172334"}],"curies":[{"name":"wp","href":"https:\/\/api.w.org\/{rel}","templated":true}]}}