{"id":172343,"date":"2026-01-19T18:02:54","date_gmt":"2026-01-19T16:02:54","guid":{"rendered":"https:\/\/pointer-news.com\/?p=172343"},"modified":"2026-01-19T18:03:05","modified_gmt":"2026-01-19T16:03:05","slug":"pm-declara-guerra-comercial-desfavoravel-diante-das-ameacas-de-imposto-de-importacao-de-trump","status":"publish","type":"post","link":"https:\/\/pointer-news.com\/pt-br\/pm-declara-guerra-comercial-desfavoravel-diante-das-ameacas-de-imposto-de-importacao-de-trump\/","title":{"rendered":"PM Declara Guerra Comercial Desfavor\u00e1vel Diante das Amea\u00e7as de Imposto de Importa\u00e7\u00e3o de Trump"},"content":{"rendered":"<p><body><\/p>\n<div class=\"article-content\">\n<p>O Primeiro-Ministro Sir Keir Starmer declarou que uma guerra comercial n\u00e3o beneficia &#8220;ningu\u00e9m&#8221; ap\u00f3s o an\u00fancio de Donald Trump sobre uma poss\u00edvel taxa de<strong style=\"margin-left: 0.3em; margin-right: 0.3em;\">10%<\/strong>sobre as importa\u00e7\u00f5es do Reino Unido e de outras na\u00e7\u00f5es que se op\u00f5em \u00e0s suas ambi\u00e7\u00f5es em rela\u00e7\u00e3o \u00e0 Groenl\u00e2ndia.<\/p>\n<p>Em um discurso realizado em Downing Street, Sir Keir enfatizou que a melhor abordagem \u00e9 por meio de &#8220;discuss\u00f5es calmas&#8221;, afirmando que impor tarifas a aliados n\u00e3o \u00e9 uma maneira eficaz de resolver disputas.<\/p>\n<p>Ele reiterou que o futuro da Groenl\u00e2ndia deve ser decidido, em \u00faltima inst\u00e2ncia, por seu povo e pelos cidad\u00e3os da Dinamarca.<\/p>\n<p>Embora mantenha que os princ\u00edpios n\u00e3o podem ser ignorados, ele se comprometeu a adotar uma postura &#8220;pragm\u00e1tica&#8221;, destacando os la\u00e7os econ\u00f4micos e militares cruciais entre o Reino Unido e os Estados Unidos.<\/p>\n<p>Sir Keir expressou ceticismo sobre as verdadeiras inten\u00e7\u00f5es de Trump em rela\u00e7\u00e3o ao envolvimento militar na Groenl\u00e2ndia.<\/p>\n<p>Na tentativa de reduzir as tens\u00f5es crescentes, o Primeiro-Ministro reconheceu a gravidade da situa\u00e7\u00e3o, pedindo uma resposta unificada da na\u00e7\u00e3o.<\/p>\n<p>Ele acolheu o apoio que recebeu da l\u00edder conservadora Kemi Badenoch em rela\u00e7\u00e3o \u00e0 quest\u00e3o da Groenl\u00e2ndia.<\/p>\n<p>Sir Keir observou que as amea\u00e7as de Trump foram &#8220;mal recebidas&#8221; no Reino Unido, alertando contra quaisquer a\u00e7\u00f5es que possam ser percebidas como &#8220;perform\u00e1ticas&#8221; ou &#8220;demag\u00f3gicas&#8221;.<\/p>\n<p>Defendendo sua estrat\u00e9gia de manter um relacionamento pr\u00f3ximo com Trump, o Primeiro-Ministro destacou que essa abordagem resultou em &#8220;centenas de bilh\u00f5es de libras&#8221; em investimentos no Reino Unido.<\/p>\n<p>Quando questionado sobre a possibilidade de tarifas retaliat\u00f3rias, ele afirmou: &#8220;Ainda n\u00e3o chegamos a esse ponto; minha prioridade \u00e9 evitar que cheguemos l\u00e1.&#8221;<\/p>\n<p>L\u00edderes europeus devem abordar a situa\u00e7\u00e3o da Groenl\u00e2ndia com Trump durante sua visita ao F\u00f3rum Econ\u00f4mico Mundial em Davos.<\/p>\n<p>O Presidente franc\u00eas Emmanuel Macron indicou que pode defender contratarifas, sugerindo que a Uni\u00e3o Europeia deveria utilizar seu &#8220;bazuca comercial&#8221;, enquanto a Primeira-Ministra italiana Georgia Meloni levantou preocupa\u00e7\u00f5es sobre as repercuss\u00f5es de uma guerra comercial.<\/p>\n<p>Embora o Primeiro-Ministro n\u00e3o planeje atualmente comparecer ao c\u00fapula, ele deixou a porta aberta para a participa\u00e7\u00e3o conforme a semana avan\u00e7a.<\/p>\n<p>Durante o fim de semana, um pequeno contingente de for\u00e7as militares francesas chegou \u00e0 Groenl\u00e2ndia para o que foi denominado uma miss\u00e3o de reconhecimento, que tamb\u00e9m incluiu tropas da Alemanha, Su\u00e9cia, Noruega, Finl\u00e2ndia, Pa\u00edses Baixos e do Reino Unido.<\/p>\n<p>Sobre se Trump interpretou essa implanta\u00e7\u00e3o como uma a\u00e7\u00e3o provocativa contra os EUA, Sir Keir afirmou: &#8220;Essa \u00e9 uma das quest\u00f5es que discuti com o Presidente Trump ontem. Essas for\u00e7as estavam claramente l\u00e1 para avaliar e enfrentar os riscos representados pela R\u00fassia &#8211; espero que haja clareza sobre esse assunto.&#8221;<\/p>\n<p>Ele destacou a necessidade de a Europa fortalecer suas pr\u00f3prias capacidades de defesa e seguran\u00e7a.<\/p>\n<p>Trump justificou parcialmente seu interesse na Groenl\u00e2ndia, afirmando que a Dinamarca n\u00e3o protegeu adequadamente o territ\u00f3rio das amea\u00e7as russas.<\/p>\n<p>Posicionada estrategicamente entre a Am\u00e9rica do Norte e o \u00c1rtico, a Groenl\u00e2ndia \u00e9 um local vantajoso para sistemas de m\u00edsseis de alerta precoce e monitoramento das atividades mar\u00edtimas regionais.<\/p>\n<p>Al\u00e9m disso, \u00e9 um potencial reservat\u00f3rio de minerais raros, petr\u00f3leo e g\u00e1s, que podem se tornar cada vez mais acess\u00edveis \u00e0 medida que as mudan\u00e7as clim\u00e1ticas fazem o manto de gelo da ilha derreter.<\/p>\n<p>Trump afirmou que uma &#8220;compra completa e total&#8221; da Groenl\u00e2ndia \u00e9 crucial para a seguran\u00e7a dos EUA e do mundo.<\/p>\n<p>Ele advertiu: &#8220;Se n\u00e3o tomarmos a Groenl\u00e2ndia, a R\u00fassia ou a China a ocupar\u00e3o.&#8221;<\/p>\n<p>No s\u00e1bado, anunciou planos para impor uma tarifa de<strong style=\"margin-left: 0.3em; margin-right: 0.3em;\">10%<\/strong>sobre os bens exportados para os EUA do Reino Unido, Dinamarca, Noruega, Su\u00e9cia, Fran\u00e7a, Alemanha, Pa\u00edses Baixos e Finl\u00e2ndia, com efeito a partir de<time>01:00 UTC<\/time>, aumentando para<strong style=\"margin-left: 0.3em; margin-right: 0.3em;\">25%<\/strong>em<time>01:00 UTC<\/time>de junho.<\/p>\n<p>Se Trump seguir adiante com essas amea\u00e7as tarif\u00e1rias, isso pode ter efeitos prejudiciais na economia do Reino Unido, especialmente considerando que os EUA s\u00e3o seu maior cliente estrangeiro por empresas individuais.<\/p>\n<p>Economistas preveem que essas novas tarifas poderiam reduzir o PIB do Reino Unido em<strong style=\"margin-left: 0.3em; margin-right: 0.3em;\">0,5%<\/strong>.<\/p>\n<p>A amea\u00e7a iminente de tens\u00f5es aumentadas impactou os mercados de a\u00e7\u00f5es europeus na manh\u00e3 de segunda-feira, afetando particularmente os setores automotivo e de bens de luxo.<\/p>\n<p>No fim de semana, Badenoch expressou seu alinhamento com o Primeiro-Ministro em rela\u00e7\u00e3o \u00e0 soberania da Groenl\u00e2ndia, classificando as amea\u00e7as tarif\u00e1rias como &#8220;uma ideia terr\u00edvel.&#8221;<\/p>\n<p>O Primeiro-Ministro da Esc\u00f3cia, John Swinney, tamb\u00e9m denunciou as tarifas propostas, afirmando que n\u00e3o deveriam ser usadas como ferramentas de barganha em vez de di\u00e1logo construtivo entre parceiros.<\/p>\n<p>Em uma apari\u00e7\u00e3o no BBC Breakfast, o l\u00edder dos Liberais Democratas, Sir Ed Davey, que tem criticado constantemente o envolvimento do Primeiro-Ministro com Trump, instou o governo a adotar uma postura mais firme, dizendo: &#8220;Se voc\u00ea fizer isso, ele tem um hist\u00f3rico de recuar. Infelizmente, at\u00e9 agora, nosso governo se submeteu.&#8221;<\/p>\n<p>O l\u00edder do Reform UK, Nigel Farage, comentou: &#8220;N\u00e3o \u00e9 assim que voc\u00ea trata seus aliados mais pr\u00f3ximos&#8221;, acrescentando que pretende expressar suas opini\u00f5es aos membros da equipe de Trump durante sua pr\u00f3xima viagem a Davos.<\/p>\n<p>Ele enfatizou que o Brexit concedeu ao Reino Unido a liberdade de negociar diretamente com os EUA.<\/p>\n<p>O ex-embaixador brit\u00e2nico nos EUA, Lord Mandelson, comentou na BBC Radio 5 Live, observando que Trump &#8220;espera comunica\u00e7\u00e3o direta&#8221;, acrescentando: &#8220;Ele n\u00e3o ficar\u00e1 surpreso se as pessoas responderem diretamente, mas com respeito, em vez de gritar ou usar megafones.&#8221;<\/p>\n<p>&#8220;Esse n\u00e3o \u00e9 o estilo de Sir Keir, e ele est\u00e1 certo em evit\u00e1-lo. Acredito que outros l\u00edderes europeus poderiam se beneficiar em emular a abordagem de nosso Primeiro-Ministro.&#8221;<\/p>\n<\/div>\n<p><\/body><\/p>\n","protected":false},"excerpt":{"rendered":"<p>O Primeiro-Ministro Sir Keir Starmer declarou que uma guerra comercial n\u00e3o beneficia &#8220;ningu\u00e9m&#8221; ap\u00f3s o an\u00fancio de Donald Trump sobre uma poss\u00edvel taxa de10%sobre as importa\u00e7\u00f5es do Reino Unido e de outras na\u00e7\u00f5es que se op\u00f5em \u00e0s suas ambi\u00e7\u00f5es em rela\u00e7\u00e3o \u00e0 Groenl\u00e2ndia. Em um discurso realizado em Downing Street, Sir Keir enfatizou que a [&hellip;]<\/p>\n","protected":false},"author":23,"featured_media":172339,"comment_status":"open","ping_status":"open","sticky":false,"template":"","format":"standard","meta":{"_acf_changed":false,"inline_featured_image":false,"footnotes":""},"categories":[550],"tags":[],"class_list":["post-172343","post","type-post","status-publish","format-standard","has-post-thumbnail","hentry","category-politics-laws"],"acf":[],"_links":{"self":[{"href":"https:\/\/pointer-news.com\/pt-br\/wp-json\/wp\/v2\/posts\/172343","targetHints":{"allow":["GET"]}}],"collection":[{"href":"https:\/\/pointer-news.com\/pt-br\/wp-json\/wp\/v2\/posts"}],"about":[{"href":"https:\/\/pointer-news.com\/pt-br\/wp-json\/wp\/v2\/types\/post"}],"author":[{"embeddable":true,"href":"https:\/\/pointer-news.com\/pt-br\/wp-json\/wp\/v2\/users\/23"}],"replies":[{"embeddable":true,"href":"https:\/\/pointer-news.com\/pt-br\/wp-json\/wp\/v2\/comments?post=172343"}],"version-history":[{"count":1,"href":"https:\/\/pointer-news.com\/pt-br\/wp-json\/wp\/v2\/posts\/172343\/revisions"}],"predecessor-version":[{"id":172346,"href":"https:\/\/pointer-news.com\/pt-br\/wp-json\/wp\/v2\/posts\/172343\/revisions\/172346"}],"wp:featuredmedia":[{"embeddable":true,"href":"https:\/\/pointer-news.com\/pt-br\/wp-json\/wp\/v2\/media\/172339"}],"wp:attachment":[{"href":"https:\/\/pointer-news.com\/pt-br\/wp-json\/wp\/v2\/media?parent=172343"}],"wp:term":[{"taxonomy":"category","embeddable":true,"href":"https:\/\/pointer-news.com\/pt-br\/wp-json\/wp\/v2\/categories?post=172343"},{"taxonomy":"post_tag","embeddable":true,"href":"https:\/\/pointer-news.com\/pt-br\/wp-json\/wp\/v2\/tags?post=172343"}],"curies":[{"name":"wp","href":"https:\/\/api.w.org\/{rel}","templated":true}]}}