{"id":172383,"date":"2026-01-20T09:02:29","date_gmt":"2026-01-20T07:02:29","guid":{"rendered":"https:\/\/pointer-news.com\/?p=172383"},"modified":"2026-01-20T09:02:42","modified_gmt":"2026-01-20T07:02:42","slug":"trump-declara-que-ira-impor-ameacas-de-tarifas-sobre-a-groenlandia-enquanto-ue-mantem-posicao-firme","status":"publish","type":"post","link":"https:\/\/pointer-news.com\/pt-br\/trump-declara-que-ira-impor-ameacas-de-tarifas-sobre-a-groenlandia-enquanto-ue-mantem-posicao-firme\/","title":{"rendered":"Trump Declara Que Ir\u00e1 Impor Amea\u00e7as de Tarifas sobre a Groenl\u00e2ndia Enquanto UE Mant\u00e9m Posi\u00e7\u00e3o Firme"},"content":{"rendered":"<p><body><\/p>\n<div class=\"article-content\">\n<p>Donald Trump reafirmou seu compromisso de aplicar as tarifas sobre as na\u00e7\u00f5es europeias que se op\u00f5em ao seu pedido de controle sobre a Groenl\u00e2ndia. O presidente dos EUA afirmou que agir\u00e1 com total determina\u00e7\u00e3o para levar adiante essa amea\u00e7a.<\/p>\n<p>As na\u00e7\u00f5es europeias se uniram em defesa da autonomia da Groenl\u00e2ndia, com o ministro das Rela\u00e7\u00f5es Exteriores da Dinamarca ressaltando que o l\u00edder americano n\u00e3o pode simplesmente intimidar para obter a posse do territ\u00f3rio semi-aut\u00f4nomo.<\/p>\n<p>A secret\u00e1ria de Rela\u00e7\u00f5es Exteriores do Reino Unido, Yvette Cooper, reiterou que as decis\u00f5es sobre o futuro da Groenl\u00e2ndia devem ser tomadas apenas pelo povo groenland\u00eas e pelo governo dinamarqu\u00eas.<\/p>\n<p>Na segunda-feira, Trump n\u00e3o descartou a possibilidade de usar for\u00e7a e reiterou sua inten\u00e7\u00e3o de impor tarifas sobre as importa\u00e7\u00f5es do Reino Unido e de outros sete aliados da OTAN. Ele afirmou que essas tarifas entrar\u00e3o em vigor a partir de<time>01:00 UTC<\/time>, com um aumento programado para<time>01:00 UTC<\/time>em junho.<\/p>\n<p>Em uma postagem no Truth Social na manh\u00e3 de ter\u00e7a-feira, Trump mencionou uma conversa produtiva com o secret\u00e1rio-geral da OTAN, Mark Rutte, e anunciou uma reuni\u00e3o iminente envolvendo v\u00e1rias partes na Su\u00ed\u00e7a.<\/p>\n<p>Ele declarou: &#8220;A Groenl\u00e2ndia \u00e9 crucial tanto para a seguran\u00e7a nacional quanto para a seguran\u00e7a mundial. N\u00e3o h\u00e1 como voltar atr\u00e1s nessa posi\u00e7\u00e3o \u2014 todos concordam com isso!&#8221; Trump planeja aplicar uma tarifa de<strong style=\"margin-left: 0.3em; margin-right: 0.3em;\">10%<\/strong>sobre todos os produtos enviados do Reino Unido para os EUA, que aumentar\u00e1 para<strong style=\"margin-left: 0.3em; margin-right: 0.3em;\">25%<\/strong>at\u00e9 que um acordo seja alcan\u00e7ado para que os EUA adquiram a Groenl\u00e2ndia da Dinamarca.<\/p>\n<p>Essa estrat\u00e9gia de tarifas tamb\u00e9m se estender\u00e1 \u00e0 Dinamarca, Noruega, Su\u00e9cia, Fran\u00e7a, Alemanha, Pa\u00edses Baixos e Finl\u00e2ndia \u2014 todos membros da OTAN, estabelecida em<time>1949<\/time>. Quando questionado sobre seu compromisso com essas amea\u00e7as tarif\u00e1rias, Trump assegurou \u00e0 NBC News: &#8220;Eu irei,<strong style=\"margin-left: 0.3em; margin-right: 0.3em;\">100%<\/strong>.&#8221; No entanto, ele se absteve de comentar sobre o uso potencial da for\u00e7a militar.<\/p>\n<p>Trump expressou que a Europa deve se concentrar no conflito em andamento com a R\u00fassia e a Ucr\u00e2nia, sugerindo que a situa\u00e7\u00e3o ali merece mais aten\u00e7\u00e3o do que a Groenl\u00e2ndia.<\/p>\n<p>A Dinamarca alertou que quaisquer a\u00e7\u00f5es militares dos EUA na Groenl\u00e2ndia poderiam amea\u00e7ar a exist\u00eancia da OTAN. Recentemente, a Groenl\u00e2ndia recebeu apoio de v\u00e1rios membros europeus da OTAN, alguns dos quais enviaram tropas para a regi\u00e3o em um gesto simb\u00f3lico.<\/p>\n<p>Ap\u00f3s esse envio, Trump anunciou seus planos de aplicar tarifas sobre os oito aliados da OTAN envolvidos. O ministro das Rela\u00e7\u00f5es Exteriores dinamarqu\u00eas, Lars L\u00f8kke Rasmussen, afirmou que a Europa precisa transmitir ao presidente Trump que tais amea\u00e7as tarif\u00e1rias s\u00e3o contraproducentes.<\/p>\n<p>Ele enfatizou: &#8220;Temos limites que n\u00e3o podem ser ultrapassados. N\u00e3o se pode for\u00e7ar a posse da Groenl\u00e2ndia. N\u00e3o estou buscando escalar ainda mais essa quest\u00e3o.&#8221;<\/p>\n<p>O chanceler alem\u00e3o, Friedrich Merz, observou que essas tarifas n\u00e3o t\u00eam prop\u00f3sito ben\u00e9fico e expressou seu desejo de se reunir com Trump durante sua participa\u00e7\u00e3o no F\u00f3rum Econ\u00f4mico Mundial em Davos.<\/p>\n<p>Merz acrescentou: &#8220;N\u00e3o desejamos essa escalada. Queremos evitar um conflito comercial com os Estados Unidos.&#8221; Ele mencionou que a administra\u00e7\u00e3o Trump deveria estar ciente da miss\u00e3o de reconhecimento da OTAN no fim de semana, j\u00e1 que isso havia sido acordado anteriormente.<\/p>\n<p>Ele esclareceu: &#8220;Nunca foi intencionado como uma opera\u00e7\u00e3o militar,&#8221; sublinhando a natureza cooperativa da miss\u00e3o.<\/p>\n<p>A Uni\u00e3o Europeia est\u00e1 convocando uma c\u00fapula de emerg\u00eancia em Bruxelas na quinta-feira para discutir como responder \u00e0s recentes amea\u00e7as de Trump em rela\u00e7\u00e3o \u00e0 Groenl\u00e2ndia. Kaja Kallas, chefe da pol\u00edtica externa da UE, indicou que, embora o bloco n\u00e3o deseje provocar um conflito, est\u00e1 preparado para defender sua posi\u00e7\u00e3o.<\/p>\n<p>Kallas afirmou: &#8220;Amea\u00e7as comerciais n\u00e3o s\u00e3o a abordagem adequada a ser tomada nesta situa\u00e7\u00e3o. A soberania n\u00e3o \u00e9 uma quest\u00e3o para negocia\u00e7\u00e3o.&#8221;<\/p>\n<p>Esse desenvolvimento segue a divulga\u00e7\u00e3o de mensagens de texto entre Trump e o primeiro-ministro noruegu\u00eas, revelando que o presidente dos EUA atribuiu sua incapacidade de ganhar o Pr\u00eamio Nobel da Paz \u00e0 Noruega.<\/p>\n<p>Em sua resposta, Jonas Gahr St\u00f8re esclareceu que o Pr\u00eamio Nobel \u00e9 concedido por um comit\u00ea independente, e n\u00e3o pelo governo noruegu\u00eas, e mencionou que o pr\u00eamio do ano passado foi concedido \u00e0 l\u00edder da oposi\u00e7\u00e3o da Venezuela, Mar\u00eda Corina Machado.<\/p>\n<p>St\u00f8re afirmou: &#8220;A posi\u00e7\u00e3o da Noruega sobre a Groenl\u00e2ndia \u00e9 inequ\u00edvoca. \u00c9 parte do Reino da Dinamarca, e a Noruega apoia totalmente a Dinamarca nesta quest\u00e3o.&#8221;<\/p>\n<p>Trump tamb\u00e9m comentou sobre a conversa de texto durante uma entrevista na segunda-feira, alegando: &#8220;A Noruega tem controle total sobre o Pr\u00eamio Nobel, apesar de suas alega\u00e7\u00f5es em contr\u00e1rio. Eles gostam de afirmar que n\u00e3o t\u00eam envolvimento, mas est\u00e3o profundamente conectados a isso.&#8221;<\/p>\n<p>Em um an\u00fancio separado, o Comando de Defesa Aeroespacial da Am\u00e9rica do Norte (NORAD) informou que v\u00e1rias aeronaves est\u00e3o a caminho da Base Espacial Pituffik na Groenl\u00e2ndia. A organiza\u00e7\u00e3o de defesa militar conjunta dos EUA e Canad\u00e1 esclareceu que esses movimentos s\u00e3o rotineiros e fazem parte das opera\u00e7\u00f5es planejadas do NORAD, coordenadas com a Dinamarca e com notifica\u00e7\u00e3o pr\u00e9via ao governo groenland\u00eas.<\/p>\n<p>Opera\u00e7\u00f5es semelhantes na base foram realizadas nos anos anteriores de<time>2022<\/time>,<time>2023<\/time>e no ano passado.<\/p>\n<\/div>\n<p><\/body><\/p>\n","protected":false},"excerpt":{"rendered":"<p>Donald Trump reafirmou seu compromisso de aplicar as tarifas sobre as na\u00e7\u00f5es europeias que se op\u00f5em ao seu pedido de controle sobre a Groenl\u00e2ndia. O presidente dos EUA afirmou que agir\u00e1 com total determina\u00e7\u00e3o para levar adiante essa amea\u00e7a. As na\u00e7\u00f5es europeias se uniram em defesa da autonomia da Groenl\u00e2ndia, com o ministro das Rela\u00e7\u00f5es [&hellip;]<\/p>\n","protected":false},"author":23,"featured_media":172379,"comment_status":"open","ping_status":"open","sticky":false,"template":"","format":"standard","meta":{"_acf_changed":false,"inline_featured_image":false,"footnotes":""},"categories":[544],"tags":[],"class_list":["post-172383","post","type-post","status-publish","format-standard","has-post-thumbnail","hentry","category-world-news"],"acf":[],"_links":{"self":[{"href":"https:\/\/pointer-news.com\/pt-br\/wp-json\/wp\/v2\/posts\/172383","targetHints":{"allow":["GET"]}}],"collection":[{"href":"https:\/\/pointer-news.com\/pt-br\/wp-json\/wp\/v2\/posts"}],"about":[{"href":"https:\/\/pointer-news.com\/pt-br\/wp-json\/wp\/v2\/types\/post"}],"author":[{"embeddable":true,"href":"https:\/\/pointer-news.com\/pt-br\/wp-json\/wp\/v2\/users\/23"}],"replies":[{"embeddable":true,"href":"https:\/\/pointer-news.com\/pt-br\/wp-json\/wp\/v2\/comments?post=172383"}],"version-history":[{"count":1,"href":"https:\/\/pointer-news.com\/pt-br\/wp-json\/wp\/v2\/posts\/172383\/revisions"}],"predecessor-version":[{"id":172386,"href":"https:\/\/pointer-news.com\/pt-br\/wp-json\/wp\/v2\/posts\/172383\/revisions\/172386"}],"wp:featuredmedia":[{"embeddable":true,"href":"https:\/\/pointer-news.com\/pt-br\/wp-json\/wp\/v2\/media\/172379"}],"wp:attachment":[{"href":"https:\/\/pointer-news.com\/pt-br\/wp-json\/wp\/v2\/media?parent=172383"}],"wp:term":[{"taxonomy":"category","embeddable":true,"href":"https:\/\/pointer-news.com\/pt-br\/wp-json\/wp\/v2\/categories?post=172383"},{"taxonomy":"post_tag","embeddable":true,"href":"https:\/\/pointer-news.com\/pt-br\/wp-json\/wp\/v2\/tags?post=172383"}],"curies":[{"name":"wp","href":"https:\/\/api.w.org\/{rel}","templated":true}]}}