{"id":172441,"date":"2026-01-21T09:01:42","date_gmt":"2026-01-21T07:01:42","guid":{"rendered":"https:\/\/pointer-news.com\/?p=172441"},"modified":"2026-01-21T09:01:54","modified_gmt":"2026-01-21T07:01:54","slug":"trump-reafirma-ambicoes-sobre-a-groenlandia-antes-da-viagem-a-davos-insistindo-que-nao-ha-como-volta","status":"publish","type":"post","link":"https:\/\/pointer-news.com\/pt-br\/trump-reafirma-ambicoes-sobre-a-groenlandia-antes-da-viagem-a-davos-insistindo-que-nao-ha-como-volta\/","title":{"rendered":"Trump reafirma ambi\u00e7\u00f5es sobre a Groenl\u00e2ndia antes da viagem a Davos, insistindo que &#8216;n\u00e3o h\u00e1 como voltar atr\u00e1s&#8217;"},"content":{"rendered":"<p><body><\/p>\n<div class=\"article-content\">\n<p>Em uma reafirma\u00e7\u00e3o ousada de suas ambi\u00e7\u00f5es sobre a Groenl\u00e2ndia, o presidente dos EUA, Donald Trump, declarou que n\u00e3o h\u00e1 &#8220;como voltar atr\u00e1s&#8221; em suas inten\u00e7\u00f5es de afirmar controle sobre o territ\u00f3rio dinamarqu\u00eas semi-aut\u00f4nomo.<\/p>\n<p>Ao responder a perguntas durante uma coletiva de imprensa sobre a extens\u00e3o de seus planos para adquirir a Groenl\u00e2ndia, Trump respondeu de forma enigm\u00e1tica: &#8220;Voc\u00eas v\u00e3o descobrir.&#8221; Esta declara\u00e7\u00e3o veio ap\u00f3s os coment\u00e1rios do presidente franc\u00eas Emmanuel Macron, que alertou sobre uma &#8220;mudan\u00e7a em dire\u00e7\u00e3o a um mundo sem regras&#8221;, enquanto o primeiro-ministro canadense Mark Carney observou que &#8220;a velha ordem n\u00e3o est\u00e1 voltando&#8221;.<\/p>\n<p>\u00c0 medida que Trump se preparava para sua chegada a Davos para o F\u00f3rum Econ\u00f4mico Mundial, uma pequena falha el\u00e9trica no Air Force One exigiu um retorno \u00e0 base. As consequ\u00eancias desse contratempo em sua agenda ainda s\u00e3o incertas, embora a Casa Branca tenha confirmado que ele continuaria sua viagem para a Su\u00ed\u00e7a em outra aeronave.<\/p>\n<p>O presidente indicou que v\u00e1rias discuss\u00f5es est\u00e3o planejadas sobre a Groenl\u00e2ndia. Durante uma extensa coletiva, ele expressou otimismo ao afirmar: &#8220;As coisas v\u00e3o se resolver muito bem&#8221; em rela\u00e7\u00e3o ao territ\u00f3rio.<\/p>\n<p>Quando questionado por um rep\u00f3rter se ele sacrificaria a coes\u00e3o da OTAN em prol da Groenl\u00e2ndia, Trump afirmou: &#8220;Ningu\u00e9m fez mais pela OTAN do que eu, de todas as maneiras. A OTAN ficar\u00e1 satisfeita, assim como n\u00f3s [&#8230;] \u00c9 essencial para a seguran\u00e7a global.&#8221; No entanto, ele j\u00e1 havia duvidado da disposi\u00e7\u00e3o da OTAN em ajudar os EUA, se necess\u00e1rio.<\/p>\n<p>&#8220;Eu sei que n\u00f3s ir\u00edamos ao resgate da [OTAN], mas realmente questiono se eles viriam ao nosso&#8221;, disse ele aos jornalistas. Atualmente, a OTAN \u00e9 composta por 32 na\u00e7\u00f5es membros, com os EUA entre os doze estados fundadores.<\/p>\n<p>Essa alian\u00e7a foi criada para proteger a liberdade e a seguran\u00e7a atrav\u00e9s da defesa coletiva, conforme delineado no Artigo 5, que estipula que um ataque armado contra um ou mais membros ser\u00e1 tratado como um ataque contra todos.<\/p>\n<p>Trump n\u00e3o descartou a possibilidade de usar for\u00e7a militar para assumir o controle da Groenl\u00e2ndia. Quando questionado pela NBC News se ele recorreria a tais a\u00e7\u00f5es, ele respondeu: &#8220;Sem coment\u00e1rios&#8221;.<\/p>\n<p>Em uma entrevista a um programa de not\u00edcias, a Ministra da Ind\u00fastria e Recursos Naturais da Groenl\u00e2ndia, Naaja Nathanielsen, expressou que o povo groenland\u00eas est\u00e1 &#8220;desconcertado&#8221; pelas afirma\u00e7\u00f5es de Trump. &#8220;N\u00e3o desejamos nos tornar americanos, e deixamos isso muito claro&#8221;, afirmou Nathanielsen. &#8220;Qual o valor que voc\u00ea atribui \u00e0 nossa cultura e ao nosso direito de determinar nosso futuro?&#8221;<\/p>\n<p>Enquanto se preparava para o F\u00f3rum Econ\u00f4mico Mundial, Trump compartilhou capturas de tela que supostamente exibiam trocas de mensagens com Macron e o Secret\u00e1rio Geral da OTAN, Mark Rutte. Em uma mensagem, Rutte expressou seu compromisso em encontrar um caminho a seguir em rela\u00e7\u00e3o \u00e0 Groenl\u00e2ndia, enquanto Macron manifestou confus\u00e3o sobre as a\u00e7\u00f5es de Trump e se ofereceu para facilitar uma reuni\u00e3o com outros l\u00edderes em Paris.<\/p>\n<p>A presidente da Comiss\u00e3o Europeia, Ursula von der Leyen, abordou o tema diretamente em seu discurso na confer\u00eancia, afirmando que a Europa est\u00e1 &#8220;totalmente comprometida&#8221; com a seguran\u00e7a do \u00c1rtico. Ela enfatizou que esse objetivo s\u00f3 pode ser alcan\u00e7ado coletivamente e criticou as amea\u00e7as tarif\u00e1rias de Trump como &#8220;um erro&#8221;.<\/p>\n<p>O l\u00edder dos EUA anunciou planos para impor uma tarifa de 10% sobre &#8220;todas e quaisquer mercadorias&#8221; importadas de oito na\u00e7\u00f5es europeias a partir de 1\u00ba de fevereiro, caso se oponham \u00e0 sua proposta de tomada da Groenl\u00e2ndia.<\/p>\n<p>Von der Leyen ainda afirmou que a Uni\u00e3o Europeia est\u00e1 em &#8220;total solidariedade&#8221; com a Groenl\u00e2ndia e a Dinamarca, enfatizando que sua soberania \u00e9 &#8220;n\u00e3o negoci\u00e1vel&#8221;. O primeiro-ministro canadense Carney ecoou seus sentimentos, reafirmando o compromisso de seu pa\u00eds com o Artigo 5 da OTAN, dizendo: &#8220;Estamos firmemente ao lado da Groenl\u00e2ndia e da Dinamarca e apoiamos plenamente seu direito \u00fanico de determinar o futuro da Groenl\u00e2ndia.&#8221;<\/p>\n<p>Durante seu discurso em Davos, Macron articulou uma prefer\u00eancia por &#8220;respeito em vez de intimida\u00e7\u00e3o&#8221; e defendeu &#8220;o estado de direito em vez da brutalidade&#8221;. Anteriormente, Trump amea\u00e7ou uma tarifa de 200% sobre vinhos e champanhes franceses ap\u00f3s Macron aparentemente ter recusado um convite para participar de uma iniciativa liderada pelos EUA para Gaza.<\/p>\n<p>Macron condenou a &#8220;acumula\u00e7\u00e3o intermin\u00e1vel de novas tarifas&#8221; como &#8220;fundamentalmente inaceit\u00e1vel&#8221;, especialmente quando usadas como alavanca contra a soberania territorial. Ele est\u00e1 entre aqueles que instam a UE a explorar medidas retaliat\u00f3rias contra as tarifas dos EUA, incluindo um instrumento anti-coer\u00e7\u00e3o conhecido coloquialmente como &#8220;bazuca comercial&#8221;.<\/p>\n<p>Fontes ligadas ao comit\u00ea de com\u00e9rcio internacional indicaram que o Parlamento Europeu pode considerar interromper a aprova\u00e7\u00e3o do acordo comercial com os EUA estabelecido em julho, sinalizando uma potencial escalada nas tens\u00f5es entre os Estados Unidos e a Europa.<\/p>\n<\/div>\n<p><\/body><\/p>\n","protected":false},"excerpt":{"rendered":"<p>Em uma reafirma\u00e7\u00e3o ousada de suas ambi\u00e7\u00f5es sobre a Groenl\u00e2ndia, o presidente dos EUA, Donald Trump, declarou que n\u00e3o h\u00e1 &#8220;como voltar atr\u00e1s&#8221; em suas inten\u00e7\u00f5es de afirmar controle sobre o territ\u00f3rio dinamarqu\u00eas semi-aut\u00f4nomo. Ao responder a perguntas durante uma coletiva de imprensa sobre a extens\u00e3o de seus planos para adquirir a Groenl\u00e2ndia, Trump respondeu [&hellip;]<\/p>\n","protected":false},"author":23,"featured_media":172437,"comment_status":"open","ping_status":"open","sticky":false,"template":"","format":"standard","meta":{"_acf_changed":false,"inline_featured_image":false,"footnotes":""},"categories":[544],"tags":[],"class_list":["post-172441","post","type-post","status-publish","format-standard","has-post-thumbnail","hentry","category-world-news"],"acf":[],"_links":{"self":[{"href":"https:\/\/pointer-news.com\/pt-br\/wp-json\/wp\/v2\/posts\/172441","targetHints":{"allow":["GET"]}}],"collection":[{"href":"https:\/\/pointer-news.com\/pt-br\/wp-json\/wp\/v2\/posts"}],"about":[{"href":"https:\/\/pointer-news.com\/pt-br\/wp-json\/wp\/v2\/types\/post"}],"author":[{"embeddable":true,"href":"https:\/\/pointer-news.com\/pt-br\/wp-json\/wp\/v2\/users\/23"}],"replies":[{"embeddable":true,"href":"https:\/\/pointer-news.com\/pt-br\/wp-json\/wp\/v2\/comments?post=172441"}],"version-history":[{"count":1,"href":"https:\/\/pointer-news.com\/pt-br\/wp-json\/wp\/v2\/posts\/172441\/revisions"}],"predecessor-version":[{"id":172444,"href":"https:\/\/pointer-news.com\/pt-br\/wp-json\/wp\/v2\/posts\/172441\/revisions\/172444"}],"wp:featuredmedia":[{"embeddable":true,"href":"https:\/\/pointer-news.com\/pt-br\/wp-json\/wp\/v2\/media\/172437"}],"wp:attachment":[{"href":"https:\/\/pointer-news.com\/pt-br\/wp-json\/wp\/v2\/media?parent=172441"}],"wp:term":[{"taxonomy":"category","embeddable":true,"href":"https:\/\/pointer-news.com\/pt-br\/wp-json\/wp\/v2\/categories?post=172441"},{"taxonomy":"post_tag","embeddable":true,"href":"https:\/\/pointer-news.com\/pt-br\/wp-json\/wp\/v2\/tags?post=172441"}],"curies":[{"name":"wp","href":"https:\/\/api.w.org\/{rel}","templated":true}]}}