{"id":172497,"date":"2026-01-22T09:01:57","date_gmt":"2026-01-22T07:01:57","guid":{"rendered":"https:\/\/pointer-news.com\/?p=172497"},"modified":"2026-01-22T09:02:08","modified_gmt":"2026-01-22T07:02:08","slug":"trump-revela-possivel-estrutura-para-acordo-com-a-groenlandia-apos-retirada-de-tarifas","status":"publish","type":"post","link":"https:\/\/pointer-news.com\/pt-br\/trump-revela-possivel-estrutura-para-acordo-com-a-groenlandia-apos-retirada-de-tarifas\/","title":{"rendered":"Trump Revela Poss\u00edvel Estrutura para Acordo com a Groenl\u00e2ndia Ap\u00f3s Retirada de Tarifas"},"content":{"rendered":"<p><body><\/p>\n<div class=\"article-content\">\n<p>O presidente Donald Trump anunciou que os Estados Unidos est\u00e3o avaliando a possibilidade de um acordo em rela\u00e7\u00e3o \u00e0 Groenl\u00e2ndia, ap\u00f3s di\u00e1logos com a OTAN. Essa declara\u00e7\u00e3o surge ap\u00f3s sua decis\u00e3o de retirar amea\u00e7as de impor tarifas sobre aliados europeus que se opuseram ao seu desejo de adquirir a ilha.<\/p>\n<p>Nas redes sociais, Trump compartilhou informa\u00e7\u00f5es limitadas sobre uma conversa que ele e a OTAN caracterizaram como &#8220;muito produtiva&#8221;. Depois de semanas de di\u00e1logo contencioso que abalou a alian\u00e7a transatl\u00e2ntica, Trump sugeriu que a reuni\u00e3o resultou em uma potencial &#8220;estrutura&#8221; para um acordo.<\/p>\n<p>No entanto, n\u00e3o houve sinal de qualquer arranjo que satisfizesse o desejo de Trump por &#8220;posse&#8221; da Groenl\u00e2ndia, um objetivo que ele reiterou durante o F\u00f3rum Econ\u00f4mico Mundial na Su\u00ed\u00e7a, enquanto rejeitava explicitamente o uso de a\u00e7\u00e3o militar.<\/p>\n<p>Em um post no Truth Social, o presidente dos EUA afirmou: &#8220;Formamos a estrutura de um futuro acordo sobre a Groenl\u00e2ndia e, de fato, sobre toda a Regi\u00e3o \u00c1rtica. Este acordo, se finalizado, ser\u00e1 imensamente ben\u00e9fico para os Estados Unidos e todas as na\u00e7\u00f5es da OTAN.&#8221;<\/p>\n<p>Fontes diplom\u00e1ticas informaram que atualmente n\u00e3o existe um acordo para controle ou posse americana sobre o territ\u00f3rio dinamarqu\u00eas aut\u00f4nomo. Trump mencionou ainda que o Secret\u00e1rio de Estado Marco Rubio e o Enviado Especial Steve Witkoff relatar\u00e3o diretamente a ele \u00e0 medida que as negocia\u00e7\u00f5es avan\u00e7arem.<\/p>\n<p>O Ministro das Rela\u00e7\u00f5es Exteriores dinamarqu\u00eas, Lars L\u00f8kke Rasmussen, comentou: &#8220;O dia est\u00e1 terminando de uma maneira mais positiva do que come\u00e7ou.&#8221; Ele destacou a necessidade de encontrar solu\u00e7\u00f5es para abordar as preocupa\u00e7\u00f5es de seguran\u00e7a dos EUA no \u00c1rtico, respeitando as fronteiras da Dinamarca.<\/p>\n<p>\u00c0 medida que detalhes surgiram ap\u00f3s as discuss\u00f5es, Trump mencionou que o acordo em perspectiva poderia envolver direitos sobre recursos minerais. Al\u00e9m disso, ele indicou uma colabora\u00e7\u00e3o potencial com aliados europeus em sua proposta de um sistema de defesa Dome Dourado, destinado a proteger os EUA de amea\u00e7as de m\u00edsseis de longo alcance.<\/p>\n<p>A import\u00e2ncia estrat\u00e9gica da Groenl\u00e2ndia, juntamente com suas vastas reservas inexploradas de minerais raros essenciais para tecnologias modernas, como smartphones e ve\u00edculos el\u00e9tricos, tem atra\u00eddo consider\u00e1vel interesse dos EUA. &#8220;Representa o acordo definitivo de longo prazo&#8221;, afirmou Trump, ressaltando os benef\u00edcios para todas as partes, especialmente em termos de seguran\u00e7a e disponibilidade de recursos. &#8220;\u00c9 um acordo que durar\u00e1 para sempre.&#8221;<\/p>\n<p>Durante sua reuni\u00e3o com Trump, o Secret\u00e1rio-Geral da OTAN, Mark Rutte, observou que a quest\u00e3o cr\u00edtica da soberania dinamarquesa sobre a Groenl\u00e2ndia n\u00e3o foi discutida. Rutte explicou em uma entrevista que esse t\u00f3pico n\u00e3o surgiu em suas conversas com o presidente.<\/p>\n<p>Anteriormente, Trump descartou a ideia de alugar a Groenl\u00e2ndia, afirmando que &#8220;voc\u00ea defende a posse; n\u00e3o defende alugu\u00e9is.&#8221; Ap\u00f3s o encontro, a porta-voz da OTAN, Allison Hart, declarou que as negocia\u00e7\u00f5es envolvendo Dinamarca, Groenl\u00e2ndia e Estados Unidos avan\u00e7ariam para garantir que nem a R\u00fassia nem a China estabelecessem uma presen\u00e7a na Groenl\u00e2ndia.<\/p>\n<p>No entanto, um legislador groenland\u00eas no parlamento dinamarqu\u00eas questionou a autoridade da OTAN para negociar a riqueza mineral da ilha. &#8220;A OTAN n\u00e3o tem o direito de negociar nada sem n\u00f3s\u2014Groenl\u00e2ndia. Nada sobre n\u00f3s sem n\u00f3s&#8221;, afirmou Aaja Chenmitz.<\/p>\n<p>Relatos sugerem que o plano proposto poderia permitir que os EUA estabelecessem bases militares adicionais no territ\u00f3rio. Funcion\u00e1rios presentes na reuni\u00e3o da OTAN indicaram que a estrutura para esse arranjo poderia se assemelhar \u00e0s bases do Reino Unido em Chipre, que fazem parte dos Territ\u00f3rios Ultramarinos Brit\u00e2nicos.<\/p>\n<p>De acordo com os acordos atuais com a Dinamarca, os EUA est\u00e3o autorizados a estacionar um n\u00famero ilimitado de tropas na Groenl\u00e2ndia, onde j\u00e1 mant\u00eam mais de 100 militares na base Pituffik, localizada na parte noroeste do territ\u00f3rio.<\/p>\n<p>Trump havia anteriormente amea\u00e7ado impor uma tarifa de 10% sobre todos os produtos importados do Reino Unido para os EUA, que se elevaria para 25% em junho, caso um acordo para a compra da Groenl\u00e2ndia da Dinamarca n\u00e3o fosse alcan\u00e7ado. Essa amea\u00e7a tamb\u00e9m se estendia a produtos da Dinamarca, Noruega, Su\u00e9cia, Fran\u00e7a, Alemanha, Pa\u00edses Baixos e Finl\u00e2ndia\u2014todos Estados membros da OTAN.<\/p>\n<p>Ap\u00f3s sua reuni\u00e3o com Rutte, Trump decidiu abandonar a ideia de uma guerra comercial. Ele anunciou: &#8220;Em vista desse entendimento, n\u00e3o irei impor as tarifas programadas para entrar em vigor em 1\u00ba de fevereiro,&#8221; em sua postagem no Truth Social.<\/p>\n<p>Em seu primeiro discurso em seis anos no F\u00f3rum Econ\u00f4mico Mundial em Davos, Trump expressou seu desejo por negocia\u00e7\u00f5es imediatas para adquirir a Groenl\u00e2ndia, mas reiterou que os EUA n\u00e3o recorreriam \u00e0 for\u00e7a. &#8220;Provavelmente n\u00e3o conseguiremos nada, a menos que eu recorra \u00e0 for\u00e7a excessiva. Poder\u00edamos ser impar\u00e1veis, mas essa n\u00e3o \u00e9 nossa inten\u00e7\u00e3o&#8221;, afirmou Trump. &#8220;N\u00e3o preciso usar a for\u00e7a. N\u00e3o quero usar a for\u00e7a. N\u00e3o vou usar a for\u00e7a.&#8221;<\/p>\n<p>Ele tamb\u00e9m instou os l\u00edderes globais a permitir que os EUA assumam o controle da Groenl\u00e2ndia da Dinamarca, afirmando: &#8220;Voc\u00ea pode concordar, e seremos muito gratos. Ou voc\u00ea pode discordar, e nos lembraremos.&#8221;<\/p>\n<p>O presidente franc\u00eas Emmanuel Macron, em seu pr\u00f3prio discurso em Davos um dia antes, criticou a amea\u00e7a anterior de tarifas de Trump. Ele classificou a &#8220;acumula\u00e7\u00e3o sem fim de novas tarifas&#8221; dos EUA como &#8220;fundamentalmente inaceit\u00e1vel.&#8221; Macron foi um dos que defenderam que a UE considerasse medidas de retalia\u00e7\u00e3o contra as novas tarifas dos EUA.<\/p>\n<p>No seu discurso, Trump direcionou cr\u00edticas a Macron, alegando que a Fran\u00e7a vinha &#8220;se aproveitando&#8221; dos EUA por d\u00e9cadas. Ele tamb\u00e9m criticou o primeiro-ministro canadense Mark Carney, que havia convocado pot\u00eancias m\u00e9dias como Austr\u00e1lia, Argentina e Canad\u00e1 para se unirem durante seu discurso em Davos. Em resposta, Trump acusou Carney de ser ingrato em rela\u00e7\u00e3o aos EUA, afirmando: &#8220;O Canad\u00e1 prospera por causa dos Estados Unidos. Lembre-se disso, Mark, da pr\u00f3xima vez que voc\u00ea falar.&#8221;<\/p>\n<\/div>\n<p><\/body><\/p>\n","protected":false},"excerpt":{"rendered":"<p>O presidente Donald Trump anunciou que os Estados Unidos est\u00e3o avaliando a possibilidade de um acordo em rela\u00e7\u00e3o \u00e0 Groenl\u00e2ndia, ap\u00f3s di\u00e1logos com a OTAN. Essa declara\u00e7\u00e3o surge ap\u00f3s sua decis\u00e3o de retirar amea\u00e7as de impor tarifas sobre aliados europeus que se opuseram ao seu desejo de adquirir a ilha. Nas redes sociais, Trump compartilhou [&hellip;]<\/p>\n","protected":false},"author":23,"featured_media":0,"comment_status":"open","ping_status":"open","sticky":false,"template":"","format":"standard","meta":{"_acf_changed":false,"inline_featured_image":false,"footnotes":""},"categories":[544],"tags":[],"class_list":["post-172497","post","type-post","status-publish","format-standard","hentry","category-world-news"],"acf":[],"_links":{"self":[{"href":"https:\/\/pointer-news.com\/pt-br\/wp-json\/wp\/v2\/posts\/172497","targetHints":{"allow":["GET"]}}],"collection":[{"href":"https:\/\/pointer-news.com\/pt-br\/wp-json\/wp\/v2\/posts"}],"about":[{"href":"https:\/\/pointer-news.com\/pt-br\/wp-json\/wp\/v2\/types\/post"}],"author":[{"embeddable":true,"href":"https:\/\/pointer-news.com\/pt-br\/wp-json\/wp\/v2\/users\/23"}],"replies":[{"embeddable":true,"href":"https:\/\/pointer-news.com\/pt-br\/wp-json\/wp\/v2\/comments?post=172497"}],"version-history":[{"count":1,"href":"https:\/\/pointer-news.com\/pt-br\/wp-json\/wp\/v2\/posts\/172497\/revisions"}],"predecessor-version":[{"id":172500,"href":"https:\/\/pointer-news.com\/pt-br\/wp-json\/wp\/v2\/posts\/172497\/revisions\/172500"}],"wp:attachment":[{"href":"https:\/\/pointer-news.com\/pt-br\/wp-json\/wp\/v2\/media?parent=172497"}],"wp:term":[{"taxonomy":"category","embeddable":true,"href":"https:\/\/pointer-news.com\/pt-br\/wp-json\/wp\/v2\/categories?post=172497"},{"taxonomy":"post_tag","embeddable":true,"href":"https:\/\/pointer-news.com\/pt-br\/wp-json\/wp\/v2\/tags?post=172497"}],"curies":[{"name":"wp","href":"https:\/\/api.w.org\/{rel}","templated":true}]}}